{"id":765,"date":"2018-08-30T21:27:31","date_gmt":"2018-08-30T19:27:31","guid":{"rendered":"https:\/\/www.voecklabruck.org\/WPVB\/?p=765"},"modified":"2019-01-18T21:28:41","modified_gmt":"2019-01-18T20:28:41","slug":"bienenfreundliche-gemeinde","status":"publish","type":"post","link":"https:\/\/www.voecklabruck.org\/WPVB\/2018\/08\/30\/bienenfreundliche-gemeinde\/","title":{"rendered":"Bienenfreundliche  Gemeinde"},"content":{"rendered":"\n<p class=\"wp-block-paragraph\"> Die Stadtgemeinde wurde als eine der ersten zw\u00f6lf \u201eBienenfreundlichen Gemeinden\u201c von LR Rudi Anschober ausgezeichnet. Bienenfreundliche Gemeinden verzichten auf Pestizide auf \u00f6ffentlichen Gr\u00fcnfl\u00e4chen, bepflanzen diese bienenfreundlich oder laden die Bev\u00f6lkerung dazu ein, auch ihre Hausg\u00e4rten in kleine Oasen f\u00fcr Insekten zu verwandeln. <\/p>\n\n\n\n<!--more-->\n\n\n\n<figure class=\"wp-block-image\"><img loading=\"lazy\" decoding=\"async\" width=\"1024\" height=\"768\" src=\"https:\/\/www.voecklabruck.org\/WPVB\/wp-content\/uploads\/2019\/01\/Bienenfreundliche-Gemeinde2-1024x768.jpg\" alt=\"\" class=\"wp-image-710\" srcset=\"https:\/\/www.voecklabruck.org\/WPVB\/wp-content\/uploads\/2019\/01\/Bienenfreundliche-Gemeinde2-1024x768.jpg 1024w, https:\/\/www.voecklabruck.org\/WPVB\/wp-content\/uploads\/2019\/01\/Bienenfreundliche-Gemeinde2-300x225.jpg 300w, https:\/\/www.voecklabruck.org\/WPVB\/wp-content\/uploads\/2019\/01\/Bienenfreundliche-Gemeinde2-768x576.jpg 768w, https:\/\/www.voecklabruck.org\/WPVB\/wp-content\/uploads\/2019\/01\/Bienenfreundliche-Gemeinde2.jpg 1600w\" sizes=\"auto, (max-width: 1024px) 100vw, 1024px\" \/><figcaption>Bienenfreundliche Gemeinde: v.l.: GR Franz K\u00f6ppl, Peter Kraushaar, Umweltstadtrat Stefan Hindinger,  GR Siegfried Kroismayr<\/figcaption><\/figure>\n\n\n\n<p class=\"wp-block-paragraph\">V\u00f6cklabruck ist auf einem guten Weg. Als eine der ersten Gemeinden verzichten wir seit Jahren auf das Unkrautvernichtungsmittel Glyphosat. \u00dcber 30.000 m2 Wiesen wurden bereits auf extensive Nutzung umgestellt. Rund 2000 m2 Bienenweiden wurden angelegt. Weitere sind im Entstehen. Wir laden Wohnbautr\u00e4ger und Gartenbesitzer herzlich ein, diesen Weg f\u00fcr unsere Bienen, Schmetterlinge und V\u00f6gel mitzugehen!<\/p>\n","protected":false},"excerpt":{"rendered":"<p>Die Stadtgemeinde wurde als eine der ersten zw\u00f6lf \u201eBienenfreundlichen Gemeinden\u201c von LR Rudi Anschober ausgezeichnet. Bienenfreundliche Gemeinden verzichten auf Pestizide auf \u00f6ffentlichen Gr\u00fcnfl\u00e4chen, bepflanzen diese &#8230; <a title=\"Bienenfreundliche  Gemeinde\" class=\"read-more\" href=\"https:\/\/www.voecklabruck.org\/WPVB\/2018\/08\/30\/bienenfreundliche-gemeinde\/\" aria-label=\"Mehr Informationen \u00fcber Bienenfreundliche  Gemeinde\">weiterlesen<\/a><\/p>\n","protected":false},"author":1,"featured_media":715,"comment_status":"open","ping_status":"open","sticky":false,"template":"","format":"standard","meta":{"advgb_blocks_editor_width":"","advgb_blocks_columns_visual_guide":"","footnotes":""},"categories":[26],"tags":[72],"class_list":["post-765","post","type-post","status-publish","format-standard","has-post-thumbnail","hentry","category-umwelt","tag-bienenfreundlich","masonry-post","generate-columns","tablet-grid-50","mobile-grid-100","grid-parent","grid-33"],"author_meta":{"display_name":"Redakteur","author_link":"https:\/\/www.voecklabruck.org\/WPVB\/author\/wordpressadmin\/"},"featured_img":"https:\/\/www.voecklabruck.org\/WPVB\/wp-content\/uploads\/2019\/01\/KBOOE_BFG_Logo-300x225.jpg","coauthors":[],"tax_additional":{"categories":{"linked":["<a href=\"https:\/\/www.voecklabruck.org\/WPVB\/category\/umwelt\/\" class=\"advgb-post-tax-term\">Umwelt<\/a>"],"unlinked":["<span class=\"advgb-post-tax-term\">Umwelt<\/span>"]},"tags":{"linked":["<a href=\"https:\/\/www.voecklabruck.org\/WPVB\/category\/umwelt\/\" class=\"advgb-post-tax-term\">Bienenfreundlich<\/a>"],"unlinked":["<span class=\"advgb-post-tax-term\">Bienenfreundlich<\/span>"]}},"comment_count":"0","relative_dates":{"created":"Ver\u00f6ffentlicht 8\u00a0Jahren vor","modified":"Aktualisiert 8\u00a0Jahren vor"},"absolute_dates":{"created":"Ver\u00f6ffentlicht am 30. August 2018","modified":"Aktualisiert am 18. Januar 2019"},"absolute_dates_time":{"created":"Ver\u00f6ffentlicht am 30. August 2018 21:27","modified":"Aktualisiert am 18. Januar 2019 21:28"},"featured_img_caption":"","series_order":"","_links":{"self":[{"href":"https:\/\/www.voecklabruck.org\/WPVB\/wp-json\/wp\/v2\/posts\/765","targetHints":{"allow":["GET"]}}],"collection":[{"href":"https:\/\/www.voecklabruck.org\/WPVB\/wp-json\/wp\/v2\/posts"}],"about":[{"href":"https:\/\/www.voecklabruck.org\/WPVB\/wp-json\/wp\/v2\/types\/post"}],"author":[{"embeddable":true,"href":"https:\/\/www.voecklabruck.org\/WPVB\/wp-json\/wp\/v2\/users\/1"}],"replies":[{"embeddable":true,"href":"https:\/\/www.voecklabruck.org\/WPVB\/wp-json\/wp\/v2\/comments?post=765"}],"version-history":[{"count":1,"href":"https:\/\/www.voecklabruck.org\/WPVB\/wp-json\/wp\/v2\/posts\/765\/revisions"}],"predecessor-version":[{"id":766,"href":"https:\/\/www.voecklabruck.org\/WPVB\/wp-json\/wp\/v2\/posts\/765\/revisions\/766"}],"wp:featuredmedia":[{"embeddable":true,"href":"https:\/\/www.voecklabruck.org\/WPVB\/wp-json\/wp\/v2\/media\/715"}],"wp:attachment":[{"href":"https:\/\/www.voecklabruck.org\/WPVB\/wp-json\/wp\/v2\/media?parent=765"}],"wp:term":[{"taxonomy":"category","embeddable":true,"href":"https:\/\/www.voecklabruck.org\/WPVB\/wp-json\/wp\/v2\/categories?post=765"},{"taxonomy":"post_tag","embeddable":true,"href":"https:\/\/www.voecklabruck.org\/WPVB\/wp-json\/wp\/v2\/tags?post=765"}],"curies":[{"name":"wp","href":"https:\/\/api.w.org\/{rel}","templated":true}]}}