{"id":4949,"date":"2023-11-20T14:07:35","date_gmt":"2023-11-20T13:07:35","guid":{"rendered":"https:\/\/www.voecklabruck.org\/WPVB\/?p=4949"},"modified":"2023-10-15T14:09:09","modified_gmt":"2023-10-15T12:09:09","slug":"baumschutzgesetz-gefordert","status":"publish","type":"post","link":"https:\/\/www.voecklabruck.org\/WPVB\/2023\/11\/20\/baumschutzgesetz-gefordert\/","title":{"rendered":"Baumschutzgesetz gefordert"},"content":{"rendered":"<div class=\"wp-block-image is-style-default\">\n<figure class=\"alignleft size-medium\"><img loading=\"lazy\" decoding=\"async\" width=\"300\" height=\"225\" src=\"https:\/\/www.voecklabruck.org\/WPVB\/wp-content\/uploads\/2023\/06\/Baumfaellung-Voeckla-300x225.jpg\" alt=\"\" class=\"wp-image-4774\" srcset=\"https:\/\/www.voecklabruck.org\/WPVB\/wp-content\/uploads\/2023\/06\/Baumfaellung-Voeckla-300x225.jpg 300w, https:\/\/www.voecklabruck.org\/WPVB\/wp-content\/uploads\/2023\/06\/Baumfaellung-Voeckla-1024x768.jpg 1024w, https:\/\/www.voecklabruck.org\/WPVB\/wp-content\/uploads\/2023\/06\/Baumfaellung-Voeckla-768x576.jpg 768w, https:\/\/www.voecklabruck.org\/WPVB\/wp-content\/uploads\/2023\/06\/Baumfaellung-Voeckla-1536x1152.jpg 1536w, https:\/\/www.voecklabruck.org\/WPVB\/wp-content\/uploads\/2023\/06\/Baumfaellung-Voeckla.jpg 1600w\" sizes=\"auto, (max-width: 300px) 100vw, 300px\" \/><figcaption class=\"wp-element-caption\">Baumf\u00e4llung V\u00f6ckla<\/figcaption><\/figure>\n<\/div>\n\n\n<p class=\"wp-block-paragraph\">Im Gemeinderat wurde von uns die Petition eingebracht, dass der O\u00d6 Landtag ein Gesetz zum Schutz von B\u00e4umen erlassen soll. In Wien, der Steiermark, Salzburg und Nieder\u00f6sterreich gibt es bereits solche Gesetze, die es den Gemeinden erm\u00f6glichen, per Verordnung einzelne B\u00e4ume und\/oder Baumgruppen unter Schutz zu stellen. Daf\u00fcr stimmten alle Fraktionen au\u00dfer die FP\u00d6.<\/p>\n","protected":false},"excerpt":{"rendered":"<p>Im Gemeinderat wurde von uns die Petition eingebracht, dass der O\u00d6 Landtag ein Gesetz zum Schutz von B\u00e4umen erlassen soll. In Wien, der Steiermark, Salzburg &#8230; <a title=\"Baumschutzgesetz gefordert\" class=\"read-more\" href=\"https:\/\/www.voecklabruck.org\/WPVB\/2023\/11\/20\/baumschutzgesetz-gefordert\/\" aria-label=\"Mehr Informationen \u00fcber Baumschutzgesetz gefordert\">weiterlesen<\/a><\/p>\n","protected":false},"author":1,"featured_media":4774,"comment_status":"open","ping_status":"open","sticky":false,"template":"","format":"standard","meta":{"_crdt_document":"","advgb_blocks_editor_width":"","advgb_blocks_columns_visual_guide":"","footnotes":""},"categories":[27],"tags":[],"class_list":["post-4949","post","type-post","status-publish","format-standard","has-post-thumbnail","hentry","category-baumschutz","masonry-post","generate-columns","tablet-grid-50","mobile-grid-100","grid-parent","grid-33"],"author_meta":{"display_name":"Redakteur","author_link":"https:\/\/www.voecklabruck.org\/WPVB\/author\/wordpressadmin\/"},"featured_img":"https:\/\/www.voecklabruck.org\/WPVB\/wp-content\/uploads\/2023\/06\/Baumfaellung-Voeckla-300x225.jpg","coauthors":[],"tax_additional":{"categories":{"linked":["<a href=\"https:\/\/www.voecklabruck.org\/WPVB\/category\/baumschutz\/\" class=\"advgb-post-tax-term\">Baumschutz<\/a>"],"unlinked":["<span class=\"advgb-post-tax-term\">Baumschutz<\/span>"]}},"comment_count":"0","relative_dates":{"created":"Posted 2\u00a0Jahren ago","modified":"Updated 3\u00a0Jahren ago"},"absolute_dates":{"created":"Posted on 20. November 2023","modified":"Updated on 15. Oktober 2023"},"absolute_dates_time":{"created":"Posted on 20. November 2023 14:07","modified":"Updated on 15. Oktober 2023 14:09"},"featured_img_caption":"Baumf\u00e4llung V\u00f6ckla","series_order":"","_links":{"self":[{"href":"https:\/\/www.voecklabruck.org\/WPVB\/wp-json\/wp\/v2\/posts\/4949","targetHints":{"allow":["GET"]}}],"collection":[{"href":"https:\/\/www.voecklabruck.org\/WPVB\/wp-json\/wp\/v2\/posts"}],"about":[{"href":"https:\/\/www.voecklabruck.org\/WPVB\/wp-json\/wp\/v2\/types\/post"}],"author":[{"embeddable":true,"href":"https:\/\/www.voecklabruck.org\/WPVB\/wp-json\/wp\/v2\/users\/1"}],"replies":[{"embeddable":true,"href":"https:\/\/www.voecklabruck.org\/WPVB\/wp-json\/wp\/v2\/comments?post=4949"}],"version-history":[{"count":1,"href":"https:\/\/www.voecklabruck.org\/WPVB\/wp-json\/wp\/v2\/posts\/4949\/revisions"}],"predecessor-version":[{"id":4950,"href":"https:\/\/www.voecklabruck.org\/WPVB\/wp-json\/wp\/v2\/posts\/4949\/revisions\/4950"}],"wp:featuredmedia":[{"embeddable":true,"href":"https:\/\/www.voecklabruck.org\/WPVB\/wp-json\/wp\/v2\/media\/4774"}],"wp:attachment":[{"href":"https:\/\/www.voecklabruck.org\/WPVB\/wp-json\/wp\/v2\/media?parent=4949"}],"wp:term":[{"taxonomy":"category","embeddable":true,"href":"https:\/\/www.voecklabruck.org\/WPVB\/wp-json\/wp\/v2\/categories?post=4949"},{"taxonomy":"post_tag","embeddable":true,"href":"https:\/\/www.voecklabruck.org\/WPVB\/wp-json\/wp\/v2\/tags?post=4949"}],"curies":[{"name":"wp","href":"https:\/\/api.w.org\/{rel}","templated":true}]}}