{"id":4562,"date":"2022-12-06T18:41:50","date_gmt":"2022-12-06T17:41:50","guid":{"rendered":"https:\/\/www.voecklabruck.org\/WPVB\/?p=4562"},"modified":"2022-11-27T18:44:50","modified_gmt":"2022-11-27T17:44:50","slug":"neue-bahn-verbindungen-fuer-voecklabruck-ab-11-dezember","status":"publish","type":"post","link":"https:\/\/www.voecklabruck.org\/WPVB\/2022\/12\/06\/neue-bahn-verbindungen-fuer-voecklabruck-ab-11-dezember\/","title":{"rendered":"Neue Bahn -Verbindungen f\u00fcr V\u00f6cklabruck ab 11. Dezember"},"content":{"rendered":"<div class=\"wp-block-image is-style-default\">\n<figure class=\"alignleft size-medium\"><img loading=\"lazy\" decoding=\"async\" width=\"225\" height=\"300\" src=\"https:\/\/www.voecklabruck.org\/WPVB\/wp-content\/uploads\/2022\/11\/RailJet_SPK-225x300.jpg\" alt=\"\" class=\"wp-image-4488\" srcset=\"https:\/\/www.voecklabruck.org\/WPVB\/wp-content\/uploads\/2022\/11\/RailJet_SPK-225x300.jpg 225w, https:\/\/www.voecklabruck.org\/WPVB\/wp-content\/uploads\/2022\/11\/RailJet_SPK-768x1024.jpg 768w, https:\/\/www.voecklabruck.org\/WPVB\/wp-content\/uploads\/2022\/11\/RailJet_SPK-1152x1536.jpg 1152w, https:\/\/www.voecklabruck.org\/WPVB\/wp-content\/uploads\/2022\/11\/RailJet_SPK.jpg 1200w\" sizes=\"auto, (max-width: 225px) 100vw, 225px\" \/><\/figure>\n<\/div>\n\n\n<p class=\"wp-block-paragraph\">Mit Fahrplanwechsel am 11. Dezember gibt es zus\u00e4tzliche attraktive Zugsverbindungen mit Halt am Bahnhof V\u00f6cklabruck:<\/p>\n\n\n\n<h3 class=\"wp-block-heading\"><br>Richtung Salzburg:<\/h3>\n\n\n\n<p class=\"wp-block-paragraph\">Fr\u00fcher Railjet um 6:07 nach Salzburg (6:49) und Innsbruck (8:44)<br>Zus\u00e4tzliche Westbahn-Verbindung um 06:30 nach Salzburg (7:14)<br>Neue Westbahn-Verbindungen um 9:00, 13:00 und 19:00 nach Innsbruck (11:29, 15:29, 21:29)<br>Sp\u00e4tverbindung um 0:06 (von Wien um 21:55 und Linz um 23:30) \u2013 ideal F\u00fcr Theaterbesuche etc. in Linz<\/p>\n\n\n\n<h3 class=\"wp-block-heading\"><br>Richtung Wien:<\/h3>\n\n\n\n<p class=\"wp-block-paragraph\">Fr\u00fche Verbindung um 3:54 nach Linz (4:30) und Wien (6:05)<br>Westbahn-Verbindungen von Innsbruck (6:31, 12:31, 16:31) nach Wien mit Halt in VB um 9:00, 15:00 und 19:00<br>Westbahn um 17:01 nach Linz\/Wien<\/p>\n\n\n\n<h3 class=\"wp-block-heading\"><br>Nach Kammer-Sch\u00f6rfling:<\/h3>\n\n\n\n<p class=\"wp-block-paragraph\">Neue Abendverbindungen um 20:12 und 21:12<\/p>\n\n\n\n<h3 class=\"wp-block-heading\"><br>Von Kammer-Sch\u00f6rfling:<\/h3>\n\n\n\n<p class=\"wp-block-paragraph\">Neue Abendverbindungen ab Kammer um 19:33 und 21:33 \u2013 21:49 (VB)<\/p>\n\n\n\n<p class=\"wp-block-paragraph\"><br>Dazu gibt es noch eine neue Sp\u00e4tverbindung aus Bad Ischl (21:53) nach Attnang-P. (22:52)<\/p>\n","protected":false},"excerpt":{"rendered":"<p>Mit Fahrplanwechsel am 11. Dezember gibt es zus\u00e4tzliche attraktive Zugsverbindungen mit Halt am Bahnhof V\u00f6cklabruck: Richtung Salzburg: Fr\u00fcher Railjet um 6:07 nach Salzburg (6:49) und &#8230; <a title=\"Neue Bahn -Verbindungen f\u00fcr V\u00f6cklabruck ab 11. Dezember\" class=\"read-more\" href=\"https:\/\/www.voecklabruck.org\/WPVB\/2022\/12\/06\/neue-bahn-verbindungen-fuer-voecklabruck-ab-11-dezember\/\" aria-label=\"Mehr Informationen \u00fcber Neue Bahn -Verbindungen f\u00fcr V\u00f6cklabruck ab 11. Dezember\">weiterlesen<\/a><\/p>\n","protected":false},"author":1,"featured_media":4488,"comment_status":"open","ping_status":"open","sticky":false,"template":"","format":"standard","meta":{"_crdt_document":"","advgb_blocks_editor_width":"","advgb_blocks_columns_visual_guide":"","footnotes":""},"categories":[1],"tags":[],"class_list":["post-4562","post","type-post","status-publish","format-standard","has-post-thumbnail","hentry","category-allgemein","masonry-post","generate-columns","tablet-grid-50","mobile-grid-100","grid-parent","grid-33"],"author_meta":{"display_name":"Redakteur","author_link":"https:\/\/www.voecklabruck.org\/WPVB\/author\/wordpressadmin\/"},"featured_img":"https:\/\/www.voecklabruck.org\/WPVB\/wp-content\/uploads\/2022\/11\/RailJet_SPK-225x300.jpg","coauthors":[],"tax_additional":{"categories":{"linked":["<a href=\"https:\/\/www.voecklabruck.org\/WPVB\/category\/allgemein\/\" class=\"advgb-post-tax-term\">Allgemein<\/a>"],"unlinked":["<span class=\"advgb-post-tax-term\">Allgemein<\/span>"]}},"comment_count":"0","relative_dates":{"created":"Posted 3\u00a0Jahren ago","modified":"Updated 3\u00a0Jahren ago"},"absolute_dates":{"created":"Posted on 6. Dezember 2022","modified":"Updated on 27. November 2022"},"absolute_dates_time":{"created":"Posted on 6. Dezember 2022 18:41","modified":"Updated on 27. November 2022 18:44"},"featured_img_caption":"Umweltstadtr\u00e4tin Sonja-Pickhardt-Kr\u00f6pfel freut sich \u00fcber das zus\u00e4tzliche Bahnangebot.","series_order":"","_links":{"self":[{"href":"https:\/\/www.voecklabruck.org\/WPVB\/wp-json\/wp\/v2\/posts\/4562","targetHints":{"allow":["GET"]}}],"collection":[{"href":"https:\/\/www.voecklabruck.org\/WPVB\/wp-json\/wp\/v2\/posts"}],"about":[{"href":"https:\/\/www.voecklabruck.org\/WPVB\/wp-json\/wp\/v2\/types\/post"}],"author":[{"embeddable":true,"href":"https:\/\/www.voecklabruck.org\/WPVB\/wp-json\/wp\/v2\/users\/1"}],"replies":[{"embeddable":true,"href":"https:\/\/www.voecklabruck.org\/WPVB\/wp-json\/wp\/v2\/comments?post=4562"}],"version-history":[{"count":1,"href":"https:\/\/www.voecklabruck.org\/WPVB\/wp-json\/wp\/v2\/posts\/4562\/revisions"}],"predecessor-version":[{"id":4564,"href":"https:\/\/www.voecklabruck.org\/WPVB\/wp-json\/wp\/v2\/posts\/4562\/revisions\/4564"}],"wp:featuredmedia":[{"embeddable":true,"href":"https:\/\/www.voecklabruck.org\/WPVB\/wp-json\/wp\/v2\/media\/4488"}],"wp:attachment":[{"href":"https:\/\/www.voecklabruck.org\/WPVB\/wp-json\/wp\/v2\/media?parent=4562"}],"wp:term":[{"taxonomy":"category","embeddable":true,"href":"https:\/\/www.voecklabruck.org\/WPVB\/wp-json\/wp\/v2\/categories?post=4562"},{"taxonomy":"post_tag","embeddable":true,"href":"https:\/\/www.voecklabruck.org\/WPVB\/wp-json\/wp\/v2\/tags?post=4562"}],"curies":[{"name":"wp","href":"https:\/\/api.w.org\/{rel}","templated":true}]}}