{"id":4560,"date":"2022-12-04T18:39:57","date_gmt":"2022-12-04T17:39:57","guid":{"rendered":"https:\/\/www.voecklabruck.org\/WPVB\/?p=4560"},"modified":"2022-11-27T18:41:36","modified_gmt":"2022-11-27T17:41:36","slug":"goldenes-ehrenzeichen-der-stadt-voecklabruck-fuer-susanne-fischer","status":"publish","type":"post","link":"https:\/\/www.voecklabruck.org\/WPVB\/2022\/12\/04\/goldenes-ehrenzeichen-der-stadt-voecklabruck-fuer-susanne-fischer\/","title":{"rendered":"Goldenes Ehrenzeichen der Stadt V\u00f6cklabruck f\u00fcr Susanne Fischer"},"content":{"rendered":"\n<p class=\"wp-block-paragraph\"><br>Susi Fischer war mehr als drei Funktionsperioden lang Fraktionsobfrau der Gr\u00fcnen V\u00f6cklabruck. Daf\u00fcr geb\u00fchrt ihr nicht nur der aufrichtige und ehrliche Dank der Gr\u00fcnen Fraktion, sondern ihr wurde auch f\u00fcr die Verdienste um die Stadt V\u00f6cklabruck vom amtierenden B\u00fcrgermeister das Goldene Ehrenzeichen verliehen. Sie hatte immer einen kritischen Blick und ein wachsames Auge auf die sozialen Schieflagen und zeigte diese auch auf. Chapeau, liebe Susi, wir ziehen den Hut!<\/p>\n\n\n\n<figure class=\"wp-block-image size-large is-style-default\"><img loading=\"lazy\" decoding=\"async\" width=\"768\" height=\"1024\" src=\"https:\/\/www.voecklabruck.org\/WPVB\/wp-content\/uploads\/2022\/11\/Fischer_Schobesberger-768x1024.jpg\" alt=\"\" class=\"wp-image-4471\" srcset=\"https:\/\/www.voecklabruck.org\/WPVB\/wp-content\/uploads\/2022\/11\/Fischer_Schobesberger-768x1024.jpg 768w, https:\/\/www.voecklabruck.org\/WPVB\/wp-content\/uploads\/2022\/11\/Fischer_Schobesberger-225x300.jpg 225w, https:\/\/www.voecklabruck.org\/WPVB\/wp-content\/uploads\/2022\/11\/Fischer_Schobesberger-1152x1536.jpg 1152w, https:\/\/www.voecklabruck.org\/WPVB\/wp-content\/uploads\/2022\/11\/Fischer_Schobesberger.jpg 1200w\" sizes=\"auto, (max-width: 768px) 100vw, 768px\" \/><figcaption class=\"wp-element-caption\">Susi Fischer mit Peter Schobesberger<\/figcaption><\/figure>\n","protected":false},"excerpt":{"rendered":"<p>Susi Fischer war mehr als drei Funktionsperioden lang Fraktionsobfrau der Gr\u00fcnen V\u00f6cklabruck. Daf\u00fcr geb\u00fchrt ihr nicht nur der aufrichtige und ehrliche Dank der Gr\u00fcnen Fraktion, &#8230; <a title=\"Goldenes Ehrenzeichen der Stadt V\u00f6cklabruck f\u00fcr Susanne Fischer\" class=\"read-more\" href=\"https:\/\/www.voecklabruck.org\/WPVB\/2022\/12\/04\/goldenes-ehrenzeichen-der-stadt-voecklabruck-fuer-susanne-fischer\/\" aria-label=\"Mehr Informationen \u00fcber Goldenes Ehrenzeichen der Stadt V\u00f6cklabruck f\u00fcr Susanne Fischer\">weiterlesen<\/a><\/p>\n","protected":false},"author":1,"featured_media":4471,"comment_status":"open","ping_status":"open","sticky":false,"template":"","format":"standard","meta":{"_crdt_document":"","advgb_blocks_editor_width":"","advgb_blocks_columns_visual_guide":"","footnotes":""},"categories":[39,25],"tags":[],"class_list":["post-4560","post","type-post","status-publish","format-standard","has-post-thumbnail","hentry","category-gemeinde","category-gemeinderat","masonry-post","generate-columns","tablet-grid-50","mobile-grid-100","grid-parent","grid-33"],"author_meta":{"display_name":"Redakteur","author_link":"https:\/\/www.voecklabruck.org\/WPVB\/author\/wordpressadmin\/"},"featured_img":"https:\/\/www.voecklabruck.org\/WPVB\/wp-content\/uploads\/2022\/11\/Fischer_Schobesberger-225x300.jpg","coauthors":[],"tax_additional":{"categories":{"linked":["<a href=\"https:\/\/www.voecklabruck.org\/WPVB\/category\/gemeinde\/\" class=\"advgb-post-tax-term\">Gemeinde<\/a>","<a href=\"https:\/\/www.voecklabruck.org\/WPVB\/category\/gemeinderat\/\" class=\"advgb-post-tax-term\">Gemeinderat<\/a>"],"unlinked":["<span class=\"advgb-post-tax-term\">Gemeinde<\/span>","<span class=\"advgb-post-tax-term\">Gemeinderat<\/span>"]}},"comment_count":"0","relative_dates":{"created":"Posted 3\u00a0Jahren ago","modified":"Updated 3\u00a0Jahren ago"},"absolute_dates":{"created":"Posted on 4. Dezember 2022","modified":"Updated on 27. November 2022"},"absolute_dates_time":{"created":"Posted on 4. Dezember 2022 18:39","modified":"Updated on 27. November 2022 18:41"},"featured_img_caption":"Susi Fischer mit Peter Schobesberger","series_order":"","_links":{"self":[{"href":"https:\/\/www.voecklabruck.org\/WPVB\/wp-json\/wp\/v2\/posts\/4560","targetHints":{"allow":["GET"]}}],"collection":[{"href":"https:\/\/www.voecklabruck.org\/WPVB\/wp-json\/wp\/v2\/posts"}],"about":[{"href":"https:\/\/www.voecklabruck.org\/WPVB\/wp-json\/wp\/v2\/types\/post"}],"author":[{"embeddable":true,"href":"https:\/\/www.voecklabruck.org\/WPVB\/wp-json\/wp\/v2\/users\/1"}],"replies":[{"embeddable":true,"href":"https:\/\/www.voecklabruck.org\/WPVB\/wp-json\/wp\/v2\/comments?post=4560"}],"version-history":[{"count":1,"href":"https:\/\/www.voecklabruck.org\/WPVB\/wp-json\/wp\/v2\/posts\/4560\/revisions"}],"predecessor-version":[{"id":4561,"href":"https:\/\/www.voecklabruck.org\/WPVB\/wp-json\/wp\/v2\/posts\/4560\/revisions\/4561"}],"wp:featuredmedia":[{"embeddable":true,"href":"https:\/\/www.voecklabruck.org\/WPVB\/wp-json\/wp\/v2\/media\/4471"}],"wp:attachment":[{"href":"https:\/\/www.voecklabruck.org\/WPVB\/wp-json\/wp\/v2\/media?parent=4560"}],"wp:term":[{"taxonomy":"category","embeddable":true,"href":"https:\/\/www.voecklabruck.org\/WPVB\/wp-json\/wp\/v2\/categories?post=4560"},{"taxonomy":"post_tag","embeddable":true,"href":"https:\/\/www.voecklabruck.org\/WPVB\/wp-json\/wp\/v2\/tags?post=4560"}],"curies":[{"name":"wp","href":"https:\/\/api.w.org\/{rel}","templated":true}]}}