{"id":4532,"date":"2022-12-01T11:40:36","date_gmt":"2022-12-01T10:40:36","guid":{"rendered":"https:\/\/www.voecklabruck.org\/WPVB\/?p=4532"},"modified":"2022-11-27T11:43:25","modified_gmt":"2022-11-27T10:43:25","slug":"25-jahre-gruene-voecklabruck-viel-erreicht-einiges-nicht-gelungen-daher-braucht-es-uns-heute-umso-mehr","status":"publish","type":"post","link":"https:\/\/www.voecklabruck.org\/WPVB\/2022\/12\/01\/25-jahre-gruene-voecklabruck-viel-erreicht-einiges-nicht-gelungen-daher-braucht-es-uns-heute-umso-mehr\/","title":{"rendered":"25 Jahre Gr\u00fcne V\u00f6cklabruck: \u201eViel erreicht, einiges nicht gelungen. Daher braucht es uns heute umso mehr!\u201c"},"content":{"rendered":"\n<p class=\"wp-block-paragraph\">Vor 25 Jahren gab es erstmals Gr\u00fcne bei der konstituierenden Sitzung des Gemeinderates. Damals waren es zwei Mandate (8,44 % der Stimmen), 25 Jahre sp\u00e4ter sitzen sechs Gr\u00fcne (16,52 %) im Gemeinderat. Die Gr\u00fcnen V\u00f6cklabruck sind damit stimmenm\u00e4\u00dfig eine der erfolgreichsten gr\u00fcnen Gemeindegruppen. \u201eVieles wurde erreicht: Von Aktivpass \u00fcber Integrationsma\u00dfnahmen, OKH, Radwegen und Schnellzug-Halt bis hin zum Umstieg auf \u00d6kostrom, freut sich Gr\u00fcn-Sprecher Stefan Hindinger. \u201eAber einiges ist auch nicht gelungen, obwohl wir uns daf\u00fcr stark gemacht haben. Zum Beispiel die Fu\u00dfg\u00e4ngerzone, die 2018 abgeschafft wurde\u201c, so Hindinger.<\/p>\n\n\n\n<p class=\"wp-block-paragraph\">&nbsp;\u201eJa und genau deshalb braucht es uns heute umso mehr\u201c, betont Stadtr\u00e4tin Sonja Pickhardt-Kr\u00f6pfel. \u201eWir werden uns in V\u00f6cklabruck weiterhin daf\u00fcr stark machen, dass Umwelt- und Klimaschutz bei jedem Vorhaben mitgedacht werden. Die gro\u00dfen Themen Energie-, Mobilit\u00e4ts- und Ern\u00e4hrungswende m\u00fcssen bei uns Menschen in unseren Lebensrealit\u00e4ten beginnen. Das hei\u00dft ganz konkret: noch mehr Sonnenstrom auf den Gemeinded\u00e4chern produzieren, mehr sichere Radwege schaffen, Zufu\u00dfgehen attraktiver machen, \u00d6ffis in allen Stadtteilen, veganes Speiseangebot in \u00f6ffentlichen K\u00fcchen, eine FUZO am Stadtplatz und vieles mehr. Und wir werden weiterhin gegen Spaltung und f\u00fcr eine solidarische Gesellschaft auf- und eintreten. Wir bleiben dran!\u201c, so Pickhardt-Kr\u00f6pfel.<\/p>\n\n\n\n<figure class=\"wp-block-image size-large is-style-default\"><img loading=\"lazy\" decoding=\"async\" width=\"821\" height=\"1024\" src=\"https:\/\/www.voecklabruck.org\/WPVB\/wp-content\/uploads\/2022\/11\/WimmelbildA4_VOLL-821x1024.jpg\" alt=\"\" class=\"wp-image-4484\" srcset=\"https:\/\/www.voecklabruck.org\/WPVB\/wp-content\/uploads\/2022\/11\/WimmelbildA4_VOLL-821x1024.jpg 821w, https:\/\/www.voecklabruck.org\/WPVB\/wp-content\/uploads\/2022\/11\/WimmelbildA4_VOLL-241x300.jpg 241w, https:\/\/www.voecklabruck.org\/WPVB\/wp-content\/uploads\/2022\/11\/WimmelbildA4_VOLL-768x958.jpg 768w, https:\/\/www.voecklabruck.org\/WPVB\/wp-content\/uploads\/2022\/11\/WimmelbildA4_VOLL-1232x1536.jpg 1232w, https:\/\/www.voecklabruck.org\/WPVB\/wp-content\/uploads\/2022\/11\/WimmelbildA4_VOLL.jpg 1283w\" sizes=\"auto, (max-width: 821px) 100vw, 821px\" \/><figcaption class=\"wp-element-caption\">Wimmelbild Gr\u00fcne V\u00f6cklabruck<\/figcaption><\/figure>\n\n\n\n<h3 class=\"wp-block-heading\">Wimmel-Bilder zu 25 Jahren Gr\u00fcne<\/h3>\n\n\n\n<p class=\"wp-block-paragraph\">Zum 25 Jahr-Jubil\u00e4um erscheint in K\u00fcrze eine Sonder-Nummer der Stadttrommlerin. Daf\u00fcr haben die Gr\u00fcnen \u201eWimmel\u201c-Bilder gemacht, die Ereignisse und Erfolge aus diesen zweieinhalb Jahrzehnten zeigen.<\/p>\n","protected":false},"excerpt":{"rendered":"<p>Vor 25 Jahren gab es erstmals Gr\u00fcne bei der konstituierenden Sitzung des Gemeinderates. Damals waren es zwei Mandate (8,44 % der Stimmen), 25 Jahre sp\u00e4ter &#8230; <a title=\"25 Jahre Gr\u00fcne V\u00f6cklabruck: \u201eViel erreicht, einiges nicht gelungen. Daher braucht es uns heute umso mehr!\u201c\" class=\"read-more\" href=\"https:\/\/www.voecklabruck.org\/WPVB\/2022\/12\/01\/25-jahre-gruene-voecklabruck-viel-erreicht-einiges-nicht-gelungen-daher-braucht-es-uns-heute-umso-mehr\/\" aria-label=\"Mehr Informationen \u00fcber 25 Jahre Gr\u00fcne V\u00f6cklabruck: \u201eViel erreicht, einiges nicht gelungen. Daher braucht es uns heute umso mehr!\u201c\">weiterlesen<\/a><\/p>\n","protected":false},"author":1,"featured_media":4484,"comment_status":"open","ping_status":"open","sticky":false,"template":"","format":"standard","meta":{"_crdt_document":"","advgb_blocks_editor_width":"","advgb_blocks_columns_visual_guide":"","footnotes":""},"categories":[31,94,125,115,39,25,35,4,48,68,38,32,3,22,23,57,122,37,26,135,127,131],"tags":[],"class_list":["post-4532","post","type-post","status-publish","format-standard","has-post-thumbnail","hentry","category-bildung","category-bio","category-energie","category-familie","category-gemeinde","category-gemeinderat","category-innenstadt","category-integration","category-jugend","category-kinder","category-klimaschutz","category-kontrolle","category-medieninformation","category-mobilitaet","category-oeffentlicher-verkehr","category-politik","category-raumordnung","category-soziales","category-umwelt","category-wahl","category-wirtschaft","category-wohnen","masonry-post","generate-columns","tablet-grid-50","mobile-grid-100","grid-parent","grid-33"],"author_meta":{"display_name":"Redakteur","author_link":"https:\/\/www.voecklabruck.org\/WPVB\/author\/wordpressadmin\/"},"featured_img":"https:\/\/www.voecklabruck.org\/WPVB\/wp-content\/uploads\/2022\/11\/WimmelbildA4_VOLL-241x300.jpg","coauthors":[],"tax_additional":{"categories":{"linked":["<a href=\"https:\/\/www.voecklabruck.org\/WPVB\/category\/bildung\/\" class=\"advgb-post-tax-term\">Bildung<\/a>","<a href=\"https:\/\/www.voecklabruck.org\/WPVB\/category\/bio\/\" class=\"advgb-post-tax-term\">BIO<\/a>","<a href=\"https:\/\/www.voecklabruck.org\/WPVB\/category\/energie\/\" class=\"advgb-post-tax-term\">Energie<\/a>","<a href=\"https:\/\/www.voecklabruck.org\/WPVB\/category\/familie\/\" class=\"advgb-post-tax-term\">Familie<\/a>","<a href=\"https:\/\/www.voecklabruck.org\/WPVB\/category\/gemeinde\/\" class=\"advgb-post-tax-term\">Gemeinde<\/a>","<a href=\"https:\/\/www.voecklabruck.org\/WPVB\/category\/gemeinderat\/\" class=\"advgb-post-tax-term\">Gemeinderat<\/a>","<a href=\"https:\/\/www.voecklabruck.org\/WPVB\/category\/innenstadt\/\" class=\"advgb-post-tax-term\">Innenstadt<\/a>","<a href=\"https:\/\/www.voecklabruck.org\/WPVB\/category\/integration\/\" class=\"advgb-post-tax-term\">Integration<\/a>","<a href=\"https:\/\/www.voecklabruck.org\/WPVB\/category\/jugend\/\" class=\"advgb-post-tax-term\">Jugend<\/a>","<a href=\"https:\/\/www.voecklabruck.org\/WPVB\/category\/kinder\/\" class=\"advgb-post-tax-term\">Kinder<\/a>","<a href=\"https:\/\/www.voecklabruck.org\/WPVB\/category\/klimaschutz\/\" class=\"advgb-post-tax-term\">Klimaschutz<\/a>","<a href=\"https:\/\/www.voecklabruck.org\/WPVB\/category\/kontrolle\/\" class=\"advgb-post-tax-term\">Kontrolle<\/a>","<a href=\"https:\/\/www.voecklabruck.org\/WPVB\/category\/medieninformation\/\" class=\"advgb-post-tax-term\">Medieninformation<\/a>","<a href=\"https:\/\/www.voecklabruck.org\/WPVB\/category\/mobilitaet\/\" class=\"advgb-post-tax-term\">Mobilit\u00e4t<\/a>","<a href=\"https:\/\/www.voecklabruck.org\/WPVB\/category\/oeffentlicher-verkehr\/\" class=\"advgb-post-tax-term\">\u00d6ffentlicher Verkehr<\/a>","<a href=\"https:\/\/www.voecklabruck.org\/WPVB\/category\/politik\/\" class=\"advgb-post-tax-term\">Politik<\/a>","<a href=\"https:\/\/www.voecklabruck.org\/WPVB\/category\/raumordnung\/\" class=\"advgb-post-tax-term\">Raumordnung<\/a>","<a href=\"https:\/\/www.voecklabruck.org\/WPVB\/category\/soziales\/\" class=\"advgb-post-tax-term\">Soziales<\/a>","<a href=\"https:\/\/www.voecklabruck.org\/WPVB\/category\/umwelt\/\" class=\"advgb-post-tax-term\">Umwelt<\/a>","<a href=\"https:\/\/www.voecklabruck.org\/WPVB\/category\/wahl\/\" class=\"advgb-post-tax-term\">Wahl<\/a>","<a href=\"https:\/\/www.voecklabruck.org\/WPVB\/category\/wirtschaft\/\" class=\"advgb-post-tax-term\">Wirtschaft<\/a>","<a href=\"https:\/\/www.voecklabruck.org\/WPVB\/category\/wohnen\/\" class=\"advgb-post-tax-term\">Wohnen<\/a>"],"unlinked":["<span class=\"advgb-post-tax-term\">Bildung<\/span>","<span class=\"advgb-post-tax-term\">BIO<\/span>","<span class=\"advgb-post-tax-term\">Energie<\/span>","<span class=\"advgb-post-tax-term\">Familie<\/span>","<span class=\"advgb-post-tax-term\">Gemeinde<\/span>","<span class=\"advgb-post-tax-term\">Gemeinderat<\/span>","<span class=\"advgb-post-tax-term\">Innenstadt<\/span>","<span class=\"advgb-post-tax-term\">Integration<\/span>","<span class=\"advgb-post-tax-term\">Jugend<\/span>","<span class=\"advgb-post-tax-term\">Kinder<\/span>","<span class=\"advgb-post-tax-term\">Klimaschutz<\/span>","<span class=\"advgb-post-tax-term\">Kontrolle<\/span>","<span class=\"advgb-post-tax-term\">Medieninformation<\/span>","<span class=\"advgb-post-tax-term\">Mobilit\u00e4t<\/span>","<span class=\"advgb-post-tax-term\">\u00d6ffentlicher Verkehr<\/span>","<span class=\"advgb-post-tax-term\">Politik<\/span>","<span class=\"advgb-post-tax-term\">Raumordnung<\/span>","<span class=\"advgb-post-tax-term\">Soziales<\/span>","<span class=\"advgb-post-tax-term\">Umwelt<\/span>","<span class=\"advgb-post-tax-term\">Wahl<\/span>","<span class=\"advgb-post-tax-term\">Wirtschaft<\/span>","<span class=\"advgb-post-tax-term\">Wohnen<\/span>"]}},"comment_count":"0","relative_dates":{"created":"Posted 3\u00a0Jahren ago","modified":"Updated 3\u00a0Jahren ago"},"absolute_dates":{"created":"Posted on 1. Dezember 2022","modified":"Updated on 27. November 2022"},"absolute_dates_time":{"created":"Posted on 1. Dezember 2022 11:40","modified":"Updated on 27. November 2022 11:43"},"featured_img_caption":"Wimmelbild Gr\u00fcne V\u00f6cklabruck","series_order":"","_links":{"self":[{"href":"https:\/\/www.voecklabruck.org\/WPVB\/wp-json\/wp\/v2\/posts\/4532","targetHints":{"allow":["GET"]}}],"collection":[{"href":"https:\/\/www.voecklabruck.org\/WPVB\/wp-json\/wp\/v2\/posts"}],"about":[{"href":"https:\/\/www.voecklabruck.org\/WPVB\/wp-json\/wp\/v2\/types\/post"}],"author":[{"embeddable":true,"href":"https:\/\/www.voecklabruck.org\/WPVB\/wp-json\/wp\/v2\/users\/1"}],"replies":[{"embeddable":true,"href":"https:\/\/www.voecklabruck.org\/WPVB\/wp-json\/wp\/v2\/comments?post=4532"}],"version-history":[{"count":1,"href":"https:\/\/www.voecklabruck.org\/WPVB\/wp-json\/wp\/v2\/posts\/4532\/revisions"}],"predecessor-version":[{"id":4534,"href":"https:\/\/www.voecklabruck.org\/WPVB\/wp-json\/wp\/v2\/posts\/4532\/revisions\/4534"}],"wp:featuredmedia":[{"embeddable":true,"href":"https:\/\/www.voecklabruck.org\/WPVB\/wp-json\/wp\/v2\/media\/4484"}],"wp:attachment":[{"href":"https:\/\/www.voecklabruck.org\/WPVB\/wp-json\/wp\/v2\/media?parent=4532"}],"wp:term":[{"taxonomy":"category","embeddable":true,"href":"https:\/\/www.voecklabruck.org\/WPVB\/wp-json\/wp\/v2\/categories?post=4532"},{"taxonomy":"post_tag","embeddable":true,"href":"https:\/\/www.voecklabruck.org\/WPVB\/wp-json\/wp\/v2\/tags?post=4532"}],"curies":[{"name":"wp","href":"https:\/\/api.w.org\/{rel}","templated":true}]}}