{"id":4391,"date":"2022-02-10T10:29:00","date_gmt":"2022-02-10T09:29:00","guid":{"rendered":"https:\/\/www.voecklabruck.org\/WPVB\/?p=4391"},"modified":"2022-02-06T10:38:28","modified_gmt":"2022-02-06T09:38:28","slug":"am-ball-bleiben","status":"publish","type":"post","link":"https:\/\/www.voecklabruck.org\/WPVB\/2022\/02\/10\/am-ball-bleiben\/","title":{"rendered":"Am Ball bleiben"},"content":{"rendered":"\n<div class=\"wp-block-image is-style-default\"><figure class=\"alignleft size-medium\"><img loading=\"lazy\" decoding=\"async\" width=\"300\" height=\"225\" src=\"https:\/\/www.voecklabruck.org\/WPVB\/wp-content\/uploads\/2021\/07\/Integrationspreis-2021-300x225.jpg\" alt=\"\" class=\"wp-image-3845\" srcset=\"https:\/\/www.voecklabruck.org\/WPVB\/wp-content\/uploads\/2021\/07\/Integrationspreis-2021-300x225.jpg 300w, https:\/\/www.voecklabruck.org\/WPVB\/wp-content\/uploads\/2021\/07\/Integrationspreis-2021-1024x768.jpg 1024w, https:\/\/www.voecklabruck.org\/WPVB\/wp-content\/uploads\/2021\/07\/Integrationspreis-2021-768x576.jpg 768w, https:\/\/www.voecklabruck.org\/WPVB\/wp-content\/uploads\/2021\/07\/Integrationspreis-2021-1536x1152.jpg 1536w, https:\/\/www.voecklabruck.org\/WPVB\/wp-content\/uploads\/2021\/07\/Integrationspreis-2021.jpg 1600w\" sizes=\"auto, (max-width: 300px) 100vw, 300px\" \/><figcaption>Die V\u00f6cklabrucker Delegation bei der \u00dcberreichung des Preises mit Landesrat Stefan Kaineder (2. v. r.) und Abg. Wolfgang Hattmannsdorfer (3. v. l.)<\/figcaption><\/figure><\/div>\n\n\n\n<p class=\"wp-block-paragraph\">Integration und Spielpl\u00e4tze sind mein altes und mein neues politisches Bet\u00e4tigungsfeld. Bei dem einen, so darf ich stolz erw\u00e4hnen, habe ich schon eine Menge Erfahrung gesammelt und bei dem anderen da lerne ich gerade eine Menge \u00fcber bestehende und gew\u00fcnschte (Ball)Spielpl\u00e4tze, Fallschutzh\u00f6hen, T\u00dcV-\u00dcberpr\u00fcfungen, gemeindeeigene Grundst\u00fccke und vieles mehr.<\/p>\n\n\n\n<h2 class=\"wp-block-heading\" id=\"integrationskonzept-2022\">Integrationskonzept 2022<\/h2>\n\n\n\n<p class=\"wp-block-paragraph\">Siebzehn verschiedene Projekte umfasst das Integrationskonzept 2022, welches im Gemeinderat auf gro\u00dfe Zustimmung gesto\u00dfen ist.<br>Es darf erw\u00e4hnt werden, dass es sich dabei um siebzehn \u201eMa\u00dfanfertigungen\u201c handelt, welche das Angebot unserer Bildungs- und Sozialeinrichtungen erg\u00e4nzen und dort ansetzen, wo ein besonderer Bedarf besteht.<br>Um auf diese Herausforderung zu reagieren, haben das REKI V\u00f6cklabruck (Regionales Kompetenzzentrum f\u00fcr Integration und Diversit\u00e4t) und ich alle Projekte in Zusammenarbeit mit erfahrenen und engagierten Kooperationspartner<em>innen geplant. Die Zielgruppen dieser Projekte sind nicht \u201eAusl\u00e4nder<\/em>innen\u201c (diese einseitige Vorstellung von Integration haben wir zum Gl\u00fcck hinter uns gelassen), sondern Sch\u00fcler<em>innen, M\u00fctter, Bewohner<\/em>innen der D\u00fcrnau, Kulturinteressierte, Jugendliche, Frauen, Eltern, Kinder, Nachbar<em>innen und Sportler<\/em>innen, egal welcher Kultur sie sich zugeh\u00f6rig f\u00fchlen.<br>Ein besonderes Augenmerk wurde dabei auf den Bildungsbereich gelegt, um dort anzusetzen, wo herk\u00f6mmliche Bildungsangebote nicht ausreichen und wo ein Ausgleich in Sachen Bildungschancen dringend erforderlich ist.<br>Spezielle Angebote f\u00fcr Frauen und Jugendliche haben zum Ziel, die gesellschaftliche Teilhabe dieser Menschen zu f\u00f6rdern und das Selbstbewusstsein und den Zusammenhalt zu st\u00e4rken.<br>Nachbarschaftsprojekte bieten Hilfe f\u00fcr Neuzugezogene, verbessern die Wohnqualit\u00e4t und tragen zur Konfliktpr\u00e4vention bei.<br>Die \u00d6ffentlichkeit wird in verschiedenen Projekten informiert und sensibilisiert und wird immer wieder ein St\u00fcck weit mitgenommen auf dem Weg, unsere ganz normale und allt\u00e4gliche Vielfalt zu sch\u00e4tzen.<br>Eine Ferienmappe soll \u00fcber alle Sommerferien-Angebote in V\u00f6cklabruck und Umgebung mehrsprachig und \u00fcbersichtlich informieren und auf \u201eAktiv\u00adpl\u00e4tze\u201c hinweisen.<br>Gerne k\u00f6nnen Sie das gesamte Integrationskonzept auf unserer Website ansehen.<br><strong>Petra Wimmer<\/strong><\/p>\n\n\n\n<p class=\"wp-block-paragraph\"><\/p>\n","protected":false},"excerpt":{"rendered":"<p>Integration und Spielpl\u00e4tze sind mein altes und mein neues politisches Bet\u00e4tigungsfeld. Bei dem einen, so darf ich stolz erw\u00e4hnen, habe ich schon eine Menge Erfahrung &#8230; <a title=\"Am Ball bleiben\" class=\"read-more\" href=\"https:\/\/www.voecklabruck.org\/WPVB\/2022\/02\/10\/am-ball-bleiben\/\" aria-label=\"Mehr Informationen \u00fcber Am Ball bleiben\">weiterlesen<\/a><\/p>\n","protected":false},"author":1,"featured_media":3845,"comment_status":"open","ping_status":"open","sticky":false,"template":"","format":"standard","meta":{"advgb_blocks_editor_width":"","advgb_blocks_columns_visual_guide":"","footnotes":""},"categories":[4],"tags":[],"class_list":["post-4391","post","type-post","status-publish","format-standard","has-post-thumbnail","hentry","category-integration","masonry-post","generate-columns","tablet-grid-50","mobile-grid-100","grid-parent","grid-33"],"author_meta":{"display_name":"Redakteur","author_link":"https:\/\/www.voecklabruck.org\/WPVB\/author\/wordpressadmin\/"},"featured_img":"https:\/\/www.voecklabruck.org\/WPVB\/wp-content\/uploads\/2021\/07\/Integrationspreis-2021-300x225.jpg","coauthors":[],"tax_additional":{"categories":{"linked":["<a href=\"https:\/\/www.voecklabruck.org\/WPVB\/category\/integration\/\" class=\"advgb-post-tax-term\">Integration<\/a>"],"unlinked":["<span class=\"advgb-post-tax-term\">Integration<\/span>"]}},"comment_count":"0","relative_dates":{"created":"Ver\u00f6ffentlicht 5\u00a0Jahren vor","modified":"Aktualisiert 5\u00a0Jahren vor"},"absolute_dates":{"created":"Ver\u00f6ffentlicht am 10. Februar 2022","modified":"Aktualisiert am 6. Februar 2022"},"absolute_dates_time":{"created":"Ver\u00f6ffentlicht am 10. Februar 2022 10:29","modified":"Aktualisiert am 6. Februar 2022 10:38"},"featured_img_caption":"Die V\u00f6cklabrucker Delegation bei der \u00dcberreichung des Preises mit Landesrat Stefan Kaineder (2. v. r.) und Abg. Wolfgang Hattmannsdorfer (3. v. l.)","series_order":"","_links":{"self":[{"href":"https:\/\/www.voecklabruck.org\/WPVB\/wp-json\/wp\/v2\/posts\/4391","targetHints":{"allow":["GET"]}}],"collection":[{"href":"https:\/\/www.voecklabruck.org\/WPVB\/wp-json\/wp\/v2\/posts"}],"about":[{"href":"https:\/\/www.voecklabruck.org\/WPVB\/wp-json\/wp\/v2\/types\/post"}],"author":[{"embeddable":true,"href":"https:\/\/www.voecklabruck.org\/WPVB\/wp-json\/wp\/v2\/users\/1"}],"replies":[{"embeddable":true,"href":"https:\/\/www.voecklabruck.org\/WPVB\/wp-json\/wp\/v2\/comments?post=4391"}],"version-history":[{"count":1,"href":"https:\/\/www.voecklabruck.org\/WPVB\/wp-json\/wp\/v2\/posts\/4391\/revisions"}],"predecessor-version":[{"id":4394,"href":"https:\/\/www.voecklabruck.org\/WPVB\/wp-json\/wp\/v2\/posts\/4391\/revisions\/4394"}],"wp:featuredmedia":[{"embeddable":true,"href":"https:\/\/www.voecklabruck.org\/WPVB\/wp-json\/wp\/v2\/media\/3845"}],"wp:attachment":[{"href":"https:\/\/www.voecklabruck.org\/WPVB\/wp-json\/wp\/v2\/media?parent=4391"}],"wp:term":[{"taxonomy":"category","embeddable":true,"href":"https:\/\/www.voecklabruck.org\/WPVB\/wp-json\/wp\/v2\/categories?post=4391"},{"taxonomy":"post_tag","embeddable":true,"href":"https:\/\/www.voecklabruck.org\/WPVB\/wp-json\/wp\/v2\/tags?post=4391"}],"curies":[{"name":"wp","href":"https:\/\/api.w.org\/{rel}","templated":true}]}}