{"id":4375,"date":"2022-02-06T10:09:06","date_gmt":"2022-02-06T09:09:06","guid":{"rendered":"https:\/\/www.voecklabruck.org\/WPVB\/?p=4375"},"modified":"2022-02-06T10:10:50","modified_gmt":"2022-02-06T09:10:50","slug":"klimaschutzuns-rennt-die-zeit-davon","status":"publish","type":"post","link":"https:\/\/www.voecklabruck.org\/WPVB\/2022\/02\/06\/klimaschutzuns-rennt-die-zeit-davon\/","title":{"rendered":"Klimaschutz:<br>Uns rennt die Zeit davon!"},"content":{"rendered":"\n<div class=\"wp-block-image is-style-default\"><figure class=\"alignleft size-full\"><img loading=\"lazy\" decoding=\"async\" width=\"150\" height=\"150\" src=\"https:\/\/www.voecklabruck.org\/WPVB\/wp-content\/uploads\/2019\/01\/Logo_150_Klima.png\" alt=\"\" class=\"wp-image-2440\"\/><\/figure><\/div>\n\n\n\n<p class=\"wp-block-paragraph\">Wissenschaftlich belegte Fakten sprechen f\u00fcr sich: Ein Perspektivenwandel muss stattfinden! Uns alle werden die Folgen des Klimawandels treffen, wirklich dramatisch wird es f\u00fcr uns Junge und die kommenden Generationen. Wir haben keine Zeit f\u00fcr vage formulierte Klimaziele, welche nur den Unzul\u00e4nglichkeiten von Politik oder Wirtschaft mehr Zeit einr\u00e4umen.<br>Handeln m\u00fcssen wir jetzt, denn wir haben gelernt, dass sinnvolle Ver\u00e4nderungen Zeit in Anspruch nehmen, um ihre Wirkung zu zeigen. So f\u00fchrt beispielsweise der Fokus auf Regionalit\u00e4t nicht nur zu Emissionseinsparungen, sondern st\u00fctzt zudem die regionale Wirtschaft. Warum Milliarden von Steuergeldern in Stra\u00dfeninfrastrukturprojekte l\u00e4ngst vergangener Zeiten investieren, wenn man die Ressourcen f\u00fcr einen breit aufgestellten \u00f6ffentlichen Verkehr aufwenden kann? Dies alles bringt nicht nur einen Bonus f\u00fcrs Klima, sondern auch f\u00fcr uns eine lebenswertere Umwelt.<br>Dass eine \u00c4nderung unseres Verhaltens m\u00f6glich ist, sieht man ja bereits daran, dass heute Online-Meetings geplant werden, wo fr\u00fcher Fl\u00fcge gebucht wurden. Zu w\u00fcnschen w\u00e4re, dass sich dieser offene Zugang zur Verhaltens\u00e4nderung in vielen anderen Bereichen etablieren wird. Was wir daf\u00fcr brauchen? Wissenschaft, Mut und Zuversicht &#8211; aber vor allem Zeit, eine Ressource, welche uns immer mehr davonrennt!<br><strong>Katharina Beer, Marlene Sch\u00f6n, Lukas Reisinger, Hannah H\u00f6ssinger<\/strong><\/p>\n","protected":false},"excerpt":{"rendered":"<p>Wissenschaftlich belegte Fakten sprechen f\u00fcr sich: Ein Perspektivenwandel muss stattfinden! Uns alle werden die Folgen des Klimawandels treffen, wirklich dramatisch wird es f\u00fcr uns Junge &#8230; <a title=\"Klimaschutz:Uns rennt die Zeit davon!\" class=\"read-more\" href=\"https:\/\/www.voecklabruck.org\/WPVB\/2022\/02\/06\/klimaschutzuns-rennt-die-zeit-davon\/\" aria-label=\"Mehr Informationen \u00fcber Klimaschutz:Uns rennt die Zeit davon!\">weiterlesen<\/a><\/p>\n","protected":false},"author":1,"featured_media":2440,"comment_status":"open","ping_status":"open","sticky":false,"template":"","format":"standard","meta":{"_crdt_document":"","advgb_blocks_editor_width":"","advgb_blocks_columns_visual_guide":"","footnotes":""},"categories":[38,40],"tags":[],"class_list":["post-4375","post","type-post","status-publish","format-standard","has-post-thumbnail","hentry","category-klimaschutz","category-kommentar","masonry-post","generate-columns","tablet-grid-50","mobile-grid-100","grid-parent","grid-33"],"author_meta":{"display_name":"Redakteur","author_link":"https:\/\/www.voecklabruck.org\/WPVB\/author\/wordpressadmin\/"},"featured_img":"https:\/\/www.voecklabruck.org\/WPVB\/wp-content\/uploads\/2019\/01\/Logo_150_Klima.png","coauthors":[],"tax_additional":{"categories":{"linked":["<a href=\"https:\/\/www.voecklabruck.org\/WPVB\/category\/klimaschutz\/\" class=\"advgb-post-tax-term\">Klimaschutz<\/a>","<a href=\"https:\/\/www.voecklabruck.org\/WPVB\/category\/kommentar\/\" class=\"advgb-post-tax-term\">Kommentar<\/a>"],"unlinked":["<span class=\"advgb-post-tax-term\">Klimaschutz<\/span>","<span class=\"advgb-post-tax-term\">Kommentar<\/span>"]}},"comment_count":"0","relative_dates":{"created":"Posted 4\u00a0Jahren ago","modified":"Updated 4\u00a0Jahren ago"},"absolute_dates":{"created":"Posted on 6. Februar 2022","modified":"Updated on 6. Februar 2022"},"absolute_dates_time":{"created":"Posted on 6. Februar 2022 10:09","modified":"Updated on 6. Februar 2022 10:10"},"featured_img_caption":"","series_order":"","_links":{"self":[{"href":"https:\/\/www.voecklabruck.org\/WPVB\/wp-json\/wp\/v2\/posts\/4375","targetHints":{"allow":["GET"]}}],"collection":[{"href":"https:\/\/www.voecklabruck.org\/WPVB\/wp-json\/wp\/v2\/posts"}],"about":[{"href":"https:\/\/www.voecklabruck.org\/WPVB\/wp-json\/wp\/v2\/types\/post"}],"author":[{"embeddable":true,"href":"https:\/\/www.voecklabruck.org\/WPVB\/wp-json\/wp\/v2\/users\/1"}],"replies":[{"embeddable":true,"href":"https:\/\/www.voecklabruck.org\/WPVB\/wp-json\/wp\/v2\/comments?post=4375"}],"version-history":[{"count":2,"href":"https:\/\/www.voecklabruck.org\/WPVB\/wp-json\/wp\/v2\/posts\/4375\/revisions"}],"predecessor-version":[{"id":4378,"href":"https:\/\/www.voecklabruck.org\/WPVB\/wp-json\/wp\/v2\/posts\/4375\/revisions\/4378"}],"wp:featuredmedia":[{"embeddable":true,"href":"https:\/\/www.voecklabruck.org\/WPVB\/wp-json\/wp\/v2\/media\/2440"}],"wp:attachment":[{"href":"https:\/\/www.voecklabruck.org\/WPVB\/wp-json\/wp\/v2\/media?parent=4375"}],"wp:term":[{"taxonomy":"category","embeddable":true,"href":"https:\/\/www.voecklabruck.org\/WPVB\/wp-json\/wp\/v2\/categories?post=4375"},{"taxonomy":"post_tag","embeddable":true,"href":"https:\/\/www.voecklabruck.org\/WPVB\/wp-json\/wp\/v2\/tags?post=4375"}],"curies":[{"name":"wp","href":"https:\/\/api.w.org\/{rel}","templated":true}]}}