{"id":4248,"date":"2021-09-11T07:00:00","date_gmt":"2021-09-11T05:00:00","guid":{"rendered":"https:\/\/www.voecklabruck.org\/WPVB\/?p=4248"},"modified":"2021-09-09T15:11:05","modified_gmt":"2021-09-09T13:11:05","slug":"klimaschutz-hat-oberste-prioritaet","status":"publish","type":"post","link":"https:\/\/www.voecklabruck.org\/WPVB\/2021\/09\/11\/klimaschutz-hat-oberste-prioritaet\/","title":{"rendered":"Klimaschutz hat oberste Priorit\u00e4t!"},"content":{"rendered":"\n<div class=\"wp-block-image is-style-default\"><figure class=\"alignright size-medium\"><img loading=\"lazy\" decoding=\"async\" width=\"300\" height=\"225\" src=\"https:\/\/www.voecklabruck.org\/WPVB\/wp-content\/uploads\/2020\/11\/Stefan-Kaineder-Landschaft-1-300x225.jpg\" alt=\"\" class=\"wp-image-3503\" srcset=\"https:\/\/www.voecklabruck.org\/WPVB\/wp-content\/uploads\/2020\/11\/Stefan-Kaineder-Landschaft-1-300x225.jpg 300w, https:\/\/www.voecklabruck.org\/WPVB\/wp-content\/uploads\/2020\/11\/Stefan-Kaineder-Landschaft-1-1024x768.jpg 1024w, https:\/\/www.voecklabruck.org\/WPVB\/wp-content\/uploads\/2020\/11\/Stefan-Kaineder-Landschaft-1-768x576.jpg 768w, https:\/\/www.voecklabruck.org\/WPVB\/wp-content\/uploads\/2020\/11\/Stefan-Kaineder-Landschaft-1-1536x1152.jpg 1536w, https:\/\/www.voecklabruck.org\/WPVB\/wp-content\/uploads\/2020\/11\/Stefan-Kaineder-Landschaft-1.jpg 1600w\" sizes=\"auto, (max-width: 300px) 100vw, 300px\" \/><figcaption>LR Stefan Kaineder <\/figcaption><\/figure><\/div>\n\n\n\n<p class=\"wp-block-paragraph\">Im Gespr\u00e4ch mit Stefan Kaineder, Gr\u00fcner Spitzenkandidat f\u00fcr die Landtagswahl \u00fcber die \u00dcberlebensfrage Klimaschutz, schwarz-blaue Retro-Politik und Gr\u00fcne Wahlziele.<br><strong>Gewaltige Hitze, Tennisball-gro\u00dfer Hagel, Sturzfluten \u2013 die Wetterextreme der letzten Zeit in Ober\u00f6sterreich aber vor allem die dramatischen und verst\u00f6renden Bilder auch aus Deutschland haben eine klare Botschaft. Was ist die Gr\u00fcne Antwort auf diese Bedrohungen?<\/strong><br><em>Die Tage nach dem Hochwasser haben gezeigt: Wir helfen zusammen, wenn\u2019s drauf ankommt \u2013 das ist unser Ober\u00ad\u00f6sterreich und darauf bin ich wahnsinnig stolz. Dieses gemeinsame Vorgehen ist jetzt auch im Kampf gegen die Klimakrise unverzichtbar: Kurzfristige Katastrophenhilfe ist unabdingbar, ersetzt aber keine umfassende Klimapolitik. Jetzt muss der Klimaschutz hier im Land angepackt und umgesetzt werden. Mit einer Klimaneutralit\u00e4t in Ober\u00f6sterreich bis 2040, mit einer echten Energie- und Verkehrswende.<\/em><br><strong>Einer der Hauptschaupl\u00e4tze der Energiewende ist der Individualverkehr. Wie gelingt der Umstieg auf klimafreundliche Alternativen?<\/strong><br><em>Ober\u00f6sterreich ist dank schwarz-blauer Retro-Politik immer noch Schlusslicht bei der Reduktion von CO2-Emissionen in \u00d6sterreich, hauptverantwortlich ist der Verkehrsbereich. Die Gr\u00fcne Klimaministerin Leonore Gewessler hat mit dem Mobilit\u00e4tsmasterplan 2030 die Weichen gestellt: Mit einem Mix aus Schiene, \u00d6ffis, Rad, E-Mobilit\u00e4t und gr\u00fcnen Treibstoffen hat sie die \u00c4ra des sauberen Verkehrs in \u00d6sterreich eingel\u00e4utet. Diesen Weg werden wir in O\u00d6 mitgehen!<\/em><br><strong>Eine gro\u00dfe Sorge der Ober\u00f6sterreicher*innen ist, dass durch den Klimawandel und den enormen Bodenverbrauch die Eigenversorgung mit heimischen Lebensmitteln nicht mehr gew\u00e4hrleistet ist. Sind diese Sorgen berechtigt?<\/strong><br><em>Das ist tatsa\u0308chlich ein gro\u00dfes Problem: Wo unser Essen wa\u0308chst, geht aktuell jeden Tag ein Hektar Boden unter Asphalt und Beton verloren. Wenn wir so weitermachen wie bisher, k\u00f6nnen wir laut aktueller Studien bei den meisten bedeutenden Feldfru\u0308chten &#8211; wie etwa Erda\u0308pfeln &#8211; nach 2030 in OO\u0308 keine Eigenversorgung mehr gewa\u0308hrleisten. Wir brauchen daher endlich eine Raumordnungspolitik, die Gru\u0308nland rettet und unsere wertvollen B\u00f6den schu\u0308tzt.<\/em><br><strong>Die Wahl im Herbst naht mit gro\u00dfen Schritten. Was ist das Gr\u00fcne Wahlziel, au\u00dfer das \u00fcbliche \u201eSt\u00e4rker-Werden\u201c?<\/strong><br><em>Das wichtigste Ziel ist, dass nach dieser Wahl der Klimaschutz in Ober\u00f6sterreich oberste Priorit\u00e4t hat. Dazu braucht es starke Gr\u00fcne. Unser historischer Auftrag als Gr\u00fcne ist es, daf\u00fcr zu sorgen, dass wir unseren Kindern einen funktionierenden Planeten \u00fcbergeben. Das geht nur in Verantwortung. Ich bin ein gro\u00dfer Freund dessen, dass Gr\u00fcne in gestaltender Funktion im Land agieren. So wie die Karten derzeit liegen, wird das wohl nur mit der \u00d6VP gehen. Die \u00d6VP muss man anschieben \u2013 und zwar dahingehend, dass es eine zukunftsgerichtete Politik gibt. Das bedeutet weniger Zubetonieren, mehr Klimaschutz und damit einhergehend mehr gr\u00fcne Jobs. Genau daf\u00fcr werde ich mit meinem Team k\u00e4mpfen!<\/em><\/p>\n","protected":false},"excerpt":{"rendered":"<p>Im Gespr\u00e4ch mit Stefan Kaineder, Gr\u00fcner Spitzenkandidat f\u00fcr die Landtagswahl \u00fcber die \u00dcberlebensfrage Klimaschutz, schwarz-blaue Retro-Politik und Gr\u00fcne Wahlziele.Gewaltige Hitze, Tennisball-gro\u00dfer Hagel, Sturzfluten \u2013 die &#8230; <a title=\"Klimaschutz hat oberste Priorit\u00e4t!\" class=\"read-more\" href=\"https:\/\/www.voecklabruck.org\/WPVB\/2021\/09\/11\/klimaschutz-hat-oberste-prioritaet\/\" aria-label=\"Mehr Informationen \u00fcber Klimaschutz hat oberste Priorit\u00e4t!\">weiterlesen<\/a><\/p>\n","protected":false},"author":1,"featured_media":3503,"comment_status":"open","ping_status":"open","sticky":false,"template":"","format":"standard","meta":{"_crdt_document":"","advgb_blocks_editor_width":"","advgb_blocks_columns_visual_guide":"","footnotes":""},"categories":[38],"tags":[],"class_list":["post-4248","post","type-post","status-publish","format-standard","has-post-thumbnail","hentry","category-klimaschutz","masonry-post","generate-columns","tablet-grid-50","mobile-grid-100","grid-parent","grid-33"],"author_meta":{"display_name":"Redakteur","author_link":"https:\/\/www.voecklabruck.org\/WPVB\/author\/wordpressadmin\/"},"featured_img":"https:\/\/www.voecklabruck.org\/WPVB\/wp-content\/uploads\/2020\/11\/Stefan-Kaineder-Landschaft-1-300x225.jpg","coauthors":[],"tax_additional":{"categories":{"linked":["<a href=\"https:\/\/www.voecklabruck.org\/WPVB\/category\/klimaschutz\/\" class=\"advgb-post-tax-term\">Klimaschutz<\/a>"],"unlinked":["<span class=\"advgb-post-tax-term\">Klimaschutz<\/span>"]}},"comment_count":"0","relative_dates":{"created":"Posted 5\u00a0Jahren ago","modified":"Updated 5\u00a0Jahren ago"},"absolute_dates":{"created":"Posted on 11. September 2021","modified":"Updated on 9. September 2021"},"absolute_dates_time":{"created":"Posted on 11. September 2021 7:00","modified":"Updated on 9. September 2021 15:11"},"featured_img_caption":"LR Stefan Kaineder ","series_order":"","_links":{"self":[{"href":"https:\/\/www.voecklabruck.org\/WPVB\/wp-json\/wp\/v2\/posts\/4248","targetHints":{"allow":["GET"]}}],"collection":[{"href":"https:\/\/www.voecklabruck.org\/WPVB\/wp-json\/wp\/v2\/posts"}],"about":[{"href":"https:\/\/www.voecklabruck.org\/WPVB\/wp-json\/wp\/v2\/types\/post"}],"author":[{"embeddable":true,"href":"https:\/\/www.voecklabruck.org\/WPVB\/wp-json\/wp\/v2\/users\/1"}],"replies":[{"embeddable":true,"href":"https:\/\/www.voecklabruck.org\/WPVB\/wp-json\/wp\/v2\/comments?post=4248"}],"version-history":[{"count":1,"href":"https:\/\/www.voecklabruck.org\/WPVB\/wp-json\/wp\/v2\/posts\/4248\/revisions"}],"predecessor-version":[{"id":4250,"href":"https:\/\/www.voecklabruck.org\/WPVB\/wp-json\/wp\/v2\/posts\/4248\/revisions\/4250"}],"wp:featuredmedia":[{"embeddable":true,"href":"https:\/\/www.voecklabruck.org\/WPVB\/wp-json\/wp\/v2\/media\/3503"}],"wp:attachment":[{"href":"https:\/\/www.voecklabruck.org\/WPVB\/wp-json\/wp\/v2\/media?parent=4248"}],"wp:term":[{"taxonomy":"category","embeddable":true,"href":"https:\/\/www.voecklabruck.org\/WPVB\/wp-json\/wp\/v2\/categories?post=4248"},{"taxonomy":"post_tag","embeddable":true,"href":"https:\/\/www.voecklabruck.org\/WPVB\/wp-json\/wp\/v2\/tags?post=4248"}],"curies":[{"name":"wp","href":"https:\/\/api.w.org\/{rel}","templated":true}]}}