{"id":3491,"date":"2020-11-29T09:00:00","date_gmt":"2020-11-29T08:00:00","guid":{"rendered":"https:\/\/www.voecklabruck.org\/WPVB\/?p=3491"},"modified":"2020-11-23T19:05:24","modified_gmt":"2020-11-23T18:05:24","slug":"weihnachtliche-gedanken","status":"publish","type":"post","link":"https:\/\/www.voecklabruck.org\/WPVB\/2020\/11\/29\/weihnachtliche-gedanken\/","title":{"rendered":"Weihnachtliche Gedanken"},"content":{"rendered":"\n<p class=\"wp-block-paragraph\">Wie kann man sich auf die beginnende Weihnachtszeit einlassen, wenn sich zu glitzerndem Weihnachtsambiente, Lebkuchenduft und besinnlichen Kl\u00e4ngen immer wieder verzweifelt-zynische Gedanken dr\u00e4ngen?<br>Sollte ehrlicherweise der Heilige Martin in der Geschichte nicht nach dem Aufenthaltsstatus fragen oder auf das Bettelverbot hinweisen, bevor er seinen Mantel teilt?<br>Singen wir heuer \u201eIhr Kinderlein kommet &#8211; aber nicht nach \u00d6sterreich\u201c und sollte der Wirt bei der Herbergssuche nicht zumindest einmal die \u201ePull-Effekte\u201c erw\u00e4hnen, welche es \u201eauf Leben und Tod\u201c zu verhindert gilt?<br>Erkl\u00e4ren die Heiligen Drei K\u00f6nige, wenn sie beim Krippenspiel die Geschenke \u00fcberreichen, dass es sich dabei um eine \u201eHilfe vor Ort\u201c handelt, aber die Krippe nicht verlassen werden darf?<br>Ja, das ist zynisch und meiner tiefen Verachtung gegen\u00fcber der machtstrategischen Haltung unseres Bundeskanzlers gewidmet, welcher auf Kosten der Menschen in den griechischen Elendslagern um die blau-t\u00fcrkise W\u00e4hlerschaft buhlt. In diesem Sinne:<\/p>\n\n\n\n<p class=\"wp-block-paragraph\"><strong>WIR HABEN PLATZ # MORIA<\/strong><br><\/p>\n\n\n\n<div class=\"wp-block-advgb-testimonial advgb-testimonial-wrapper\" id=\"advgb-testimonial-a0325c9c-b35c-4f6c-856e-8b1e5d4e5b28\"><div class=\"advgb-testimonial advgb-avatar-top\"><div class=\"advgb-testimonial-item\"><div class=\"advgb-testimonial-avatar-group\"><div class=\"advgb-testimonial-avatar\" style=\"background-image:url(https:\/\/www.voecklabruck.org\/WPVB\/wp-content\/uploads\/2018\/12\/wimmer-150x150.jpg);background-color:#7fae1c;border-radius:50%;border-width:undefinedpx;width:120px;height:120px\"><\/div><\/div><div class=\"advgb-testimonial-info\"><h4 class=\"advgb-testimonial-name\" style=\"color:#3a7a01\">Wimmer Petra<\/h4><p class=\"advgb-testimonial-position\">Integrationsreferentin, Gemeinder\u00e4tin (Ausschuss f\u00fcr Kultur, Integration und Asyl)<\/p><p class=\"advgb-testimonial-desc\">\u201eDie Bequemlichkeit \u00fcberwinden und Verantwortung \u00fcbernehmen.\u201c<\/p><\/div><\/div><\/div><\/div>\n<style class=\"advgb-styles-renderer\">#advgb-testimonial-a0325c9c-b35c-4f6c-856e-8b1e5d4e5b28 .slick-dots li button:before{color:#000 !important;}<\/style>","protected":false},"excerpt":{"rendered":"<p>Wie kann man sich auf die beginnende Weihnachtszeit einlassen, wenn sich zu glitzerndem Weihnachtsambiente, Lebkuchenduft und besinnlichen Kl\u00e4ngen immer wieder verzweifelt-zynische Gedanken dr\u00e4ngen?Sollte ehrlicherweise der &#8230; <a title=\"Weihnachtliche Gedanken\" class=\"read-more\" href=\"https:\/\/www.voecklabruck.org\/WPVB\/2020\/11\/29\/weihnachtliche-gedanken\/\" aria-label=\"Mehr Informationen \u00fcber Weihnachtliche Gedanken\">weiterlesen<\/a><\/p>\n","protected":false},"author":1,"featured_media":6,"comment_status":"open","ping_status":"open","sticky":false,"template":"","format":"standard","meta":{"_crdt_document":"","advgb_blocks_editor_width":"","advgb_blocks_columns_visual_guide":"","footnotes":""},"categories":[4,108,40],"tags":[],"class_list":["post-3491","post","type-post","status-publish","format-standard","has-post-thumbnail","hentry","category-integration","category-international","category-kommentar","masonry-post","generate-columns","tablet-grid-50","mobile-grid-100","grid-parent","grid-33"],"author_meta":{"display_name":"Redakteur","author_link":"https:\/\/www.voecklabruck.org\/WPVB\/author\/wordpressadmin\/"},"featured_img":"https:\/\/www.voecklabruck.org\/WPVB\/wp-content\/uploads\/2018\/12\/wimmer.jpg","coauthors":[],"tax_additional":{"categories":{"linked":["<a href=\"https:\/\/www.voecklabruck.org\/WPVB\/category\/integration\/\" class=\"advgb-post-tax-term\">Integration<\/a>","<a href=\"https:\/\/www.voecklabruck.org\/WPVB\/category\/international\/\" class=\"advgb-post-tax-term\">International<\/a>","<a href=\"https:\/\/www.voecklabruck.org\/WPVB\/category\/kommentar\/\" class=\"advgb-post-tax-term\">Kommentar<\/a>"],"unlinked":["<span class=\"advgb-post-tax-term\">Integration<\/span>","<span class=\"advgb-post-tax-term\">International<\/span>","<span class=\"advgb-post-tax-term\">Kommentar<\/span>"]}},"comment_count":"0","relative_dates":{"created":"Posted 5\u00a0Jahren ago","modified":"Updated 5\u00a0Jahren ago"},"absolute_dates":{"created":"Posted on 29. November 2020","modified":"Updated on 23. November 2020"},"absolute_dates_time":{"created":"Posted on 29. November 2020 9:00","modified":"Updated on 23. November 2020 19:05"},"featured_img_caption":"Petra Wimmer\n","series_order":"","_links":{"self":[{"href":"https:\/\/www.voecklabruck.org\/WPVB\/wp-json\/wp\/v2\/posts\/3491","targetHints":{"allow":["GET"]}}],"collection":[{"href":"https:\/\/www.voecklabruck.org\/WPVB\/wp-json\/wp\/v2\/posts"}],"about":[{"href":"https:\/\/www.voecklabruck.org\/WPVB\/wp-json\/wp\/v2\/types\/post"}],"author":[{"embeddable":true,"href":"https:\/\/www.voecklabruck.org\/WPVB\/wp-json\/wp\/v2\/users\/1"}],"replies":[{"embeddable":true,"href":"https:\/\/www.voecklabruck.org\/WPVB\/wp-json\/wp\/v2\/comments?post=3491"}],"version-history":[{"count":3,"href":"https:\/\/www.voecklabruck.org\/WPVB\/wp-json\/wp\/v2\/posts\/3491\/revisions"}],"predecessor-version":[{"id":3495,"href":"https:\/\/www.voecklabruck.org\/WPVB\/wp-json\/wp\/v2\/posts\/3491\/revisions\/3495"}],"wp:featuredmedia":[{"embeddable":true,"href":"https:\/\/www.voecklabruck.org\/WPVB\/wp-json\/wp\/v2\/media\/6"}],"wp:attachment":[{"href":"https:\/\/www.voecklabruck.org\/WPVB\/wp-json\/wp\/v2\/media?parent=3491"}],"wp:term":[{"taxonomy":"category","embeddable":true,"href":"https:\/\/www.voecklabruck.org\/WPVB\/wp-json\/wp\/v2\/categories?post=3491"},{"taxonomy":"post_tag","embeddable":true,"href":"https:\/\/www.voecklabruck.org\/WPVB\/wp-json\/wp\/v2\/tags?post=3491"}],"curies":[{"name":"wp","href":"https:\/\/api.w.org\/{rel}","templated":true}]}}