{"id":3354,"date":"2020-08-14T20:05:00","date_gmt":"2020-08-14T18:05:00","guid":{"rendered":"https:\/\/www.voecklabruck.org\/WPVB\/?p=3354"},"modified":"2020-09-08T20:08:00","modified_gmt":"2020-09-08T18:08:00","slug":"von-den-gruenen-unterstuetzte-solidaritaetsaktion-fuer-kupfermuckn-verkaeufer","status":"publish","type":"post","link":"https:\/\/www.voecklabruck.org\/WPVB\/2020\/08\/14\/von-den-gruenen-unterstuetzte-solidaritaetsaktion-fuer-kupfermuckn-verkaeufer\/","title":{"rendered":"Von den Gr\u00fcnen unterst\u00fctzte Solidarit\u00e4tsaktion f\u00fcr Kupfermuckn-Verk\u00e4ufer"},"content":{"rendered":"\n<h2 class=\"wp-block-heading\"><strong>1844 Euro f\u00fcr Slowakische Roma<\/strong><\/h2>\n\n\n\n<figure class=\"wp-block-image size-large\"><img loading=\"lazy\" decoding=\"async\" width=\"1024\" height=\"768\" src=\"https:\/\/www.voecklabruck.org\/WPVB\/wp-content\/uploads\/2020\/09\/kupfermuckn-Spende-Bela-Stefan-Zoltan-1024x768.jpg\" alt=\"\" class=\"wp-image-3352\" srcset=\"https:\/\/www.voecklabruck.org\/WPVB\/wp-content\/uploads\/2020\/09\/kupfermuckn-Spende-Bela-Stefan-Zoltan-1024x768.jpg 1024w, https:\/\/www.voecklabruck.org\/WPVB\/wp-content\/uploads\/2020\/09\/kupfermuckn-Spende-Bela-Stefan-Zoltan-300x225.jpg 300w, https:\/\/www.voecklabruck.org\/WPVB\/wp-content\/uploads\/2020\/09\/kupfermuckn-Spende-Bela-Stefan-Zoltan-768x576.jpg 768w, https:\/\/www.voecklabruck.org\/WPVB\/wp-content\/uploads\/2020\/09\/kupfermuckn-Spende-Bela-Stefan-Zoltan-1536x1152.jpg 1536w, https:\/\/www.voecklabruck.org\/WPVB\/wp-content\/uploads\/2020\/09\/kupfermuckn-Spende-Bela-Stefan-Zoltan.jpg 1600w\" sizes=\"auto, (max-width: 1024px) 100vw, 1024px\" \/><figcaption>Solidarit\u00e4tsspende an Kupfermuckn-Verk\u00e4ufer: Verk\u00e4ufer Bella (links) und Zoltan mit Stefan Hindinger (Armutsnetzwerk) <\/figcaption><\/figure>\n\n\n\n<p class=\"wp-block-paragraph\">Die Verk\u00e4ufer der Stra\u00dfenzeitung \u201eKupfermuckn\u201c geh\u00f6ren zum gewohnten Stadtbild in V\u00f6cklabruck. Die Ma\u00dfnahmen zur Eind\u00e4mmung des Corona-Virus hatten f\u00fcr sie drastische Auswirkungen. Von Mitte M\u00e4rz bis Mitte Juni konnten sie keine Zeitungen verkaufen und standen ohne Einkommen da. Die Verk\u00e4ufer sind zum Gro\u00dfteil slowakischen Roma, die Mitte M\u00e4rz in ihre Heimat zur\u00fcckkehren mussten. Die soziale und wirtschaftliche Situation in ihren D\u00f6rfern ist katastrophal. Es gibt keine Arbeit. Die Unterk\u00fcnfte sind desolat und die hygienischen Bedingungen \u00e4u\u00dferst schlecht. Das Armutsnetzwerk, eine Plattform aus kirchlichen und sozialen Einrichtungen hatte daher eine Solidarit\u00e4tsaktion gestartet um den slowakischen Roma durch Spenden zu helfen. Es sind 1844 Euro zusammengekommen. Ein Teil des Geldes wurde bereits im April in die Slowakei \u00fcberwiesen. Die zweite Tranche wurde k\u00fcrzlich \u00fcbergeben. Das Armutsnetzwerk bedankt sich im Namen der Spendenempf\u00e4nger bei allen, die diese Solidarit\u00e4tsaktion unterst\u00fctzt haben!&nbsp;<\/p>\n\n\n\n<p class=\"wp-block-paragraph\">Diese Solidarit\u00e4tsaktion wurden von den Gr\u00fcnen V\u00f6cklabruck unterst\u00fctzt. Die Spenden f\u00fcr die von den Gr\u00fcnen verteilten Stoffmasken wurden auf das Solidarit\u00e4tskonto eingezahlt. Mehr als die H\u00e4lfte des Gesamtbetrages stammt aus Spenden der Personen, die Masken erhalten haben. Herzlichen Dank!<\/p>\n","protected":false},"excerpt":{"rendered":"<p>1844 Euro f\u00fcr Slowakische Roma Die Verk\u00e4ufer der Stra\u00dfenzeitung \u201eKupfermuckn\u201c geh\u00f6ren zum gewohnten Stadtbild in V\u00f6cklabruck. Die Ma\u00dfnahmen zur Eind\u00e4mmung des Corona-Virus hatten f\u00fcr sie &#8230; <a title=\"Von den Gr\u00fcnen unterst\u00fctzte Solidarit\u00e4tsaktion f\u00fcr Kupfermuckn-Verk\u00e4ufer\" class=\"read-more\" href=\"https:\/\/www.voecklabruck.org\/WPVB\/2020\/08\/14\/von-den-gruenen-unterstuetzte-solidaritaetsaktion-fuer-kupfermuckn-verkaeufer\/\" aria-label=\"Mehr Informationen \u00fcber Von den Gr\u00fcnen unterst\u00fctzte Solidarit\u00e4tsaktion f\u00fcr Kupfermuckn-Verk\u00e4ufer\">weiterlesen<\/a><\/p>\n","protected":false},"author":1,"featured_media":3352,"comment_status":"open","ping_status":"open","sticky":false,"template":"","format":"standard","meta":{"_crdt_document":"","advgb_blocks_editor_width":"","advgb_blocks_columns_visual_guide":"","footnotes":""},"categories":[39,4,37],"tags":[],"class_list":["post-3354","post","type-post","status-publish","format-standard","has-post-thumbnail","hentry","category-gemeinde","category-integration","category-soziales","masonry-post","generate-columns","tablet-grid-50","mobile-grid-100","grid-parent","grid-33"],"author_meta":{"display_name":"Redakteur","author_link":"https:\/\/www.voecklabruck.org\/WPVB\/author\/wordpressadmin\/"},"featured_img":"https:\/\/www.voecklabruck.org\/WPVB\/wp-content\/uploads\/2020\/09\/kupfermuckn-Spende-Bela-Stefan-Zoltan-300x225.jpg","coauthors":[],"tax_additional":{"categories":{"linked":["<a href=\"https:\/\/www.voecklabruck.org\/WPVB\/category\/gemeinde\/\" class=\"advgb-post-tax-term\">Gemeinde<\/a>","<a href=\"https:\/\/www.voecklabruck.org\/WPVB\/category\/integration\/\" class=\"advgb-post-tax-term\">Integration<\/a>","<a href=\"https:\/\/www.voecklabruck.org\/WPVB\/category\/soziales\/\" class=\"advgb-post-tax-term\">Soziales<\/a>"],"unlinked":["<span class=\"advgb-post-tax-term\">Gemeinde<\/span>","<span class=\"advgb-post-tax-term\">Integration<\/span>","<span class=\"advgb-post-tax-term\">Soziales<\/span>"]}},"comment_count":"0","relative_dates":{"created":"Posted 6\u00a0Jahren ago","modified":"Updated 6\u00a0Jahren ago"},"absolute_dates":{"created":"Posted on 14. August 2020","modified":"Updated on 8. September 2020"},"absolute_dates_time":{"created":"Posted on 14. August 2020 20:05","modified":"Updated on 8. September 2020 20:08"},"featured_img_caption":"Solidarit\u00e4tsspende an Kupfermuckn-Verk\u00e4ufer: Verk\u00e4ufer Bella (links) und Zoltan mit Stefan Hindinger (Armutsnetzwerk) ","series_order":"","_links":{"self":[{"href":"https:\/\/www.voecklabruck.org\/WPVB\/wp-json\/wp\/v2\/posts\/3354","targetHints":{"allow":["GET"]}}],"collection":[{"href":"https:\/\/www.voecklabruck.org\/WPVB\/wp-json\/wp\/v2\/posts"}],"about":[{"href":"https:\/\/www.voecklabruck.org\/WPVB\/wp-json\/wp\/v2\/types\/post"}],"author":[{"embeddable":true,"href":"https:\/\/www.voecklabruck.org\/WPVB\/wp-json\/wp\/v2\/users\/1"}],"replies":[{"embeddable":true,"href":"https:\/\/www.voecklabruck.org\/WPVB\/wp-json\/wp\/v2\/comments?post=3354"}],"version-history":[{"count":1,"href":"https:\/\/www.voecklabruck.org\/WPVB\/wp-json\/wp\/v2\/posts\/3354\/revisions"}],"predecessor-version":[{"id":3355,"href":"https:\/\/www.voecklabruck.org\/WPVB\/wp-json\/wp\/v2\/posts\/3354\/revisions\/3355"}],"wp:featuredmedia":[{"embeddable":true,"href":"https:\/\/www.voecklabruck.org\/WPVB\/wp-json\/wp\/v2\/media\/3352"}],"wp:attachment":[{"href":"https:\/\/www.voecklabruck.org\/WPVB\/wp-json\/wp\/v2\/media?parent=3354"}],"wp:term":[{"taxonomy":"category","embeddable":true,"href":"https:\/\/www.voecklabruck.org\/WPVB\/wp-json\/wp\/v2\/categories?post=3354"},{"taxonomy":"post_tag","embeddable":true,"href":"https:\/\/www.voecklabruck.org\/WPVB\/wp-json\/wp\/v2\/tags?post=3354"}],"curies":[{"name":"wp","href":"https:\/\/api.w.org\/{rel}","templated":true}]}}