{"id":3263,"date":"2020-05-20T20:00:00","date_gmt":"2020-05-20T18:00:00","guid":{"rendered":"https:\/\/www.voecklabruck.org\/WPVB\/?p=3263"},"modified":"2020-05-10T20:01:54","modified_gmt":"2020-05-10T18:01:54","slug":"mund-nasen-schutz-im-voecklabruck-design-gratis-am-23-05","status":"publish","type":"post","link":"https:\/\/www.voecklabruck.org\/WPVB\/2020\/05\/20\/mund-nasen-schutz-im-voecklabruck-design-gratis-am-23-05\/","title":{"rendered":"Mund-Nasen-Schutz im V\u00f6cklabruck-Design &#8211; GRATIS am 23.05."},"content":{"rendered":"\n<div class=\"wp-block-image\"><figure class=\"aligncenter size-large\"><img loading=\"lazy\" decoding=\"async\" width=\"1024\" height=\"768\" src=\"https:\/\/www.voecklabruck.org\/WPVB\/wp-content\/uploads\/2020\/05\/Sonja_Maske-1024x768.jpg\" alt=\"\" class=\"wp-image-3203\" srcset=\"https:\/\/www.voecklabruck.org\/WPVB\/wp-content\/uploads\/2020\/05\/Sonja_Maske-1024x768.jpg 1024w, https:\/\/www.voecklabruck.org\/WPVB\/wp-content\/uploads\/2020\/05\/Sonja_Maske-300x225.jpg 300w, https:\/\/www.voecklabruck.org\/WPVB\/wp-content\/uploads\/2020\/05\/Sonja_Maske-768x576.jpg 768w, https:\/\/www.voecklabruck.org\/WPVB\/wp-content\/uploads\/2020\/05\/Sonja_Maske-1536x1152.jpg 1536w, https:\/\/www.voecklabruck.org\/WPVB\/wp-content\/uploads\/2020\/05\/Sonja_Maske.jpg 1600w\" sizes=\"auto, (max-width: 1024px) 100vw, 1024px\" \/><figcaption>Sonja Pickhardt Kr\u00f6pfel mit der neuen stylischen Maske der Gr\u00fcnen V\u00f6cklabruck <\/figcaption><\/figure><\/div>\n\n\n\n<p class=\"wp-block-paragraph\"><br>Schutzmasken werden wir vermutlich noch einige Zeit tragen m\u00fcssen. Die Gr\u00fcnen bieten nun solche in gr\u00fcnem V\u00f6cklabruck-Design an. <strong>Erh\u00e4ltlich sind sie bei den Gr\u00fcnen Gemeinder\u00e4t*innen oder am Frischemarkt am 23. Mai ab 10 Uhr. Kostenlos, so lange der Vorrat reicht.<\/strong> Wir freuen uns aber \u00fcber eine Spende zugunsten der \u201eKupfermuckn\u201c-Verk\u00e4ufer, die wegen der Coronakrise von Mitte M\u00e4rz bis Anfang Mai keine Zeitungen verkaufen konnten und somit kein Einkommen hatten. Spendenkonto f\u00fcr die \u201eKupfermuckn\u201c-Verk\u00e4ufer:<br>IBAN AT36 1860 0000 1609 5879<\/p>\n","protected":false},"excerpt":{"rendered":"<p>Schutzmasken werden wir vermutlich noch einige Zeit tragen m\u00fcssen. Die Gr\u00fcnen bieten nun solche in gr\u00fcnem V\u00f6cklabruck-Design an. Erh\u00e4ltlich sind sie bei den Gr\u00fcnen Gemeinder\u00e4t*innen &#8230; <a title=\"Mund-Nasen-Schutz im V\u00f6cklabruck-Design &#8211; GRATIS am 23.05.\" class=\"read-more\" href=\"https:\/\/www.voecklabruck.org\/WPVB\/2020\/05\/20\/mund-nasen-schutz-im-voecklabruck-design-gratis-am-23-05\/\" aria-label=\"Mehr Informationen \u00fcber Mund-Nasen-Schutz im V\u00f6cklabruck-Design &#8211; GRATIS am 23.05.\">weiterlesen<\/a><\/p>\n","protected":false},"author":1,"featured_media":3203,"comment_status":"open","ping_status":"open","sticky":false,"template":"","format":"standard","meta":{"_crdt_document":"","advgb_blocks_editor_width":"","advgb_blocks_columns_visual_guide":"","footnotes":""},"categories":[120,39,106],"tags":[],"class_list":["post-3263","post","type-post","status-publish","format-standard","has-post-thumbnail","hentry","category-corona","category-gemeinde","category-gesundheit","masonry-post","generate-columns","tablet-grid-50","mobile-grid-100","grid-parent","grid-33"],"author_meta":{"display_name":"Redakteur","author_link":"https:\/\/www.voecklabruck.org\/WPVB\/author\/wordpressadmin\/"},"featured_img":"https:\/\/www.voecklabruck.org\/WPVB\/wp-content\/uploads\/2020\/05\/Sonja_Maske-300x225.jpg","coauthors":[],"tax_additional":{"categories":{"linked":["<a href=\"https:\/\/www.voecklabruck.org\/WPVB\/category\/corona\/\" class=\"advgb-post-tax-term\">Corona<\/a>","<a href=\"https:\/\/www.voecklabruck.org\/WPVB\/category\/gemeinde\/\" class=\"advgb-post-tax-term\">Gemeinde<\/a>","<a href=\"https:\/\/www.voecklabruck.org\/WPVB\/category\/gesundheit\/\" class=\"advgb-post-tax-term\">Gesundheit<\/a>"],"unlinked":["<span class=\"advgb-post-tax-term\">Corona<\/span>","<span class=\"advgb-post-tax-term\">Gemeinde<\/span>","<span class=\"advgb-post-tax-term\">Gesundheit<\/span>"]}},"comment_count":"0","relative_dates":{"created":"Posted 6\u00a0Jahren ago","modified":"Updated 6\u00a0Jahren ago"},"absolute_dates":{"created":"Posted on 20. Mai 2020","modified":"Updated on 10. Mai 2020"},"absolute_dates_time":{"created":"Posted on 20. Mai 2020 20:00","modified":"Updated on 10. Mai 2020 20:01"},"featured_img_caption":"Sonja Pickhardt Kr\u00f6pfel mit der neuen stylischen Maske der Gr\u00fcnen V\u00f6cklabruck ","series_order":"","_links":{"self":[{"href":"https:\/\/www.voecklabruck.org\/WPVB\/wp-json\/wp\/v2\/posts\/3263","targetHints":{"allow":["GET"]}}],"collection":[{"href":"https:\/\/www.voecklabruck.org\/WPVB\/wp-json\/wp\/v2\/posts"}],"about":[{"href":"https:\/\/www.voecklabruck.org\/WPVB\/wp-json\/wp\/v2\/types\/post"}],"author":[{"embeddable":true,"href":"https:\/\/www.voecklabruck.org\/WPVB\/wp-json\/wp\/v2\/users\/1"}],"replies":[{"embeddable":true,"href":"https:\/\/www.voecklabruck.org\/WPVB\/wp-json\/wp\/v2\/comments?post=3263"}],"version-history":[{"count":1,"href":"https:\/\/www.voecklabruck.org\/WPVB\/wp-json\/wp\/v2\/posts\/3263\/revisions"}],"predecessor-version":[{"id":3264,"href":"https:\/\/www.voecklabruck.org\/WPVB\/wp-json\/wp\/v2\/posts\/3263\/revisions\/3264"}],"wp:featuredmedia":[{"embeddable":true,"href":"https:\/\/www.voecklabruck.org\/WPVB\/wp-json\/wp\/v2\/media\/3203"}],"wp:attachment":[{"href":"https:\/\/www.voecklabruck.org\/WPVB\/wp-json\/wp\/v2\/media?parent=3263"}],"wp:term":[{"taxonomy":"category","embeddable":true,"href":"https:\/\/www.voecklabruck.org\/WPVB\/wp-json\/wp\/v2\/categories?post=3263"},{"taxonomy":"post_tag","embeddable":true,"href":"https:\/\/www.voecklabruck.org\/WPVB\/wp-json\/wp\/v2\/tags?post=3263"}],"curies":[{"name":"wp","href":"https:\/\/api.w.org\/{rel}","templated":true}]}}