{"id":3257,"date":"2020-05-21T19:54:00","date_gmt":"2020-05-21T17:54:00","guid":{"rendered":"https:\/\/www.voecklabruck.org\/WPVB\/?p=3257"},"modified":"2020-05-10T19:57:03","modified_gmt":"2020-05-10T17:57:03","slug":"fuer-die-aufnahme-von-kindern-aus-fluechtlingslagern","status":"publish","type":"post","link":"https:\/\/www.voecklabruck.org\/WPVB\/2020\/05\/21\/fuer-die-aufnahme-von-kindern-aus-fluechtlingslagern\/","title":{"rendered":"F\u00fcr die Aufnahme von Kindern aus Fl\u00fcchtlingslagern"},"content":{"rendered":"\n<div class=\"wp-block-image\"><figure class=\"aligncenter size-large\"><img loading=\"lazy\" decoding=\"async\" width=\"768\" height=\"1024\" src=\"https:\/\/www.voecklabruck.org\/WPVB\/wp-content\/uploads\/2020\/05\/Aktion-Platz-2-768x1024.jpg\" alt=\"\" class=\"wp-image-3192\" srcset=\"https:\/\/www.voecklabruck.org\/WPVB\/wp-content\/uploads\/2020\/05\/Aktion-Platz-2-768x1024.jpg 768w, https:\/\/www.voecklabruck.org\/WPVB\/wp-content\/uploads\/2020\/05\/Aktion-Platz-2-225x300.jpg 225w, https:\/\/www.voecklabruck.org\/WPVB\/wp-content\/uploads\/2020\/05\/Aktion-Platz-2-1152x1536.jpg 1152w, https:\/\/www.voecklabruck.org\/WPVB\/wp-content\/uploads\/2020\/05\/Aktion-Platz-2.jpg 1200w\" sizes=\"auto, (max-width: 768px) 100vw, 768px\" \/><figcaption>Aktion Platz <\/figcaption><\/figure><\/div>\n\n\n\n<p class=\"wp-block-paragraph\">Viele Gemeinden in \u00d6sterreich erkl\u00e4rten sich bereit, Familien und Kinder aus den griechischen Fl\u00fcchtlingslagen im ma\u00dfvollen Umfang aufzunehmen, um eine humanit\u00e4re Katastrophe zu mildern. Die Gr\u00fcnen haben f\u00fcr die Gemeinderatssitzung am 6. Juni eine Resolution eingebracht, in der auch V\u00f6cklabruck diese Bereitschaft bekundet und an die \u00f6sterreichische Bundesregierung appelliert, der sogenannten \u201eKoalition der Willigen\u201c verschiedener EU-Staaten beizutreten und der Aufnahme von gefl\u00fcchteten Familien und Kindern zuzustimmen.<\/p>\n\n\n\n<div class=\"wp-block-image\"><figure class=\"aligncenter size-large\"><img loading=\"lazy\" decoding=\"async\" width=\"1024\" height=\"768\" src=\"https:\/\/www.voecklabruck.org\/WPVB\/wp-content\/uploads\/2020\/05\/Aktion-Platz1-1024x768.jpg\" alt=\"\" class=\"wp-image-3191\" srcset=\"https:\/\/www.voecklabruck.org\/WPVB\/wp-content\/uploads\/2020\/05\/Aktion-Platz1-1024x768.jpg 1024w, https:\/\/www.voecklabruck.org\/WPVB\/wp-content\/uploads\/2020\/05\/Aktion-Platz1-300x225.jpg 300w, https:\/\/www.voecklabruck.org\/WPVB\/wp-content\/uploads\/2020\/05\/Aktion-Platz1-768x576.jpg 768w, https:\/\/www.voecklabruck.org\/WPVB\/wp-content\/uploads\/2020\/05\/Aktion-Platz1-1536x1152.jpg 1536w, https:\/\/www.voecklabruck.org\/WPVB\/wp-content\/uploads\/2020\/05\/Aktion-Platz1.jpg 1600w\" sizes=\"auto, (max-width: 1024px) 100vw, 1024px\" \/><figcaption>Aktion Platz<\/figcaption><\/figure><\/div>\n","protected":false},"excerpt":{"rendered":"<p>Viele Gemeinden in \u00d6sterreich erkl\u00e4rten sich bereit, Familien und Kinder aus den griechischen Fl\u00fcchtlingslagen im ma\u00dfvollen Umfang aufzunehmen, um eine humanit\u00e4re Katastrophe zu mildern. Die &#8230; <a title=\"F\u00fcr die Aufnahme von Kindern aus Fl\u00fcchtlingslagern\" class=\"read-more\" href=\"https:\/\/www.voecklabruck.org\/WPVB\/2020\/05\/21\/fuer-die-aufnahme-von-kindern-aus-fluechtlingslagern\/\" aria-label=\"Mehr Informationen \u00fcber F\u00fcr die Aufnahme von Kindern aus Fl\u00fcchtlingslagern\">weiterlesen<\/a><\/p>\n","protected":false},"author":1,"featured_media":3191,"comment_status":"open","ping_status":"open","sticky":false,"template":"","format":"standard","meta":{"_crdt_document":"","advgb_blocks_editor_width":"","advgb_blocks_columns_visual_guide":"","footnotes":""},"categories":[4,108,93,37],"tags":[],"class_list":["post-3257","post","type-post","status-publish","format-standard","has-post-thumbnail","hentry","category-integration","category-international","category-menschenrechte","category-soziales","masonry-post","generate-columns","tablet-grid-50","mobile-grid-100","grid-parent","grid-33"],"author_meta":{"display_name":"Redakteur","author_link":"https:\/\/www.voecklabruck.org\/WPVB\/author\/wordpressadmin\/"},"featured_img":"https:\/\/www.voecklabruck.org\/WPVB\/wp-content\/uploads\/2020\/05\/Aktion-Platz1-300x225.jpg","coauthors":[],"tax_additional":{"categories":{"linked":["<a href=\"https:\/\/www.voecklabruck.org\/WPVB\/category\/integration\/\" class=\"advgb-post-tax-term\">Integration<\/a>","<a href=\"https:\/\/www.voecklabruck.org\/WPVB\/category\/international\/\" class=\"advgb-post-tax-term\">International<\/a>","<a href=\"https:\/\/www.voecklabruck.org\/WPVB\/category\/menschenrechte\/\" class=\"advgb-post-tax-term\">Menschenrechte<\/a>","<a href=\"https:\/\/www.voecklabruck.org\/WPVB\/category\/soziales\/\" class=\"advgb-post-tax-term\">Soziales<\/a>"],"unlinked":["<span class=\"advgb-post-tax-term\">Integration<\/span>","<span class=\"advgb-post-tax-term\">International<\/span>","<span class=\"advgb-post-tax-term\">Menschenrechte<\/span>","<span class=\"advgb-post-tax-term\">Soziales<\/span>"]}},"comment_count":"0","relative_dates":{"created":"Posted 6\u00a0Jahren ago","modified":"Updated 6\u00a0Jahren ago"},"absolute_dates":{"created":"Posted on 21. Mai 2020","modified":"Updated on 10. Mai 2020"},"absolute_dates_time":{"created":"Posted on 21. Mai 2020 19:54","modified":"Updated on 10. Mai 2020 19:57"},"featured_img_caption":"Aktion Platz","series_order":"","_links":{"self":[{"href":"https:\/\/www.voecklabruck.org\/WPVB\/wp-json\/wp\/v2\/posts\/3257","targetHints":{"allow":["GET"]}}],"collection":[{"href":"https:\/\/www.voecklabruck.org\/WPVB\/wp-json\/wp\/v2\/posts"}],"about":[{"href":"https:\/\/www.voecklabruck.org\/WPVB\/wp-json\/wp\/v2\/types\/post"}],"author":[{"embeddable":true,"href":"https:\/\/www.voecklabruck.org\/WPVB\/wp-json\/wp\/v2\/users\/1"}],"replies":[{"embeddable":true,"href":"https:\/\/www.voecklabruck.org\/WPVB\/wp-json\/wp\/v2\/comments?post=3257"}],"version-history":[{"count":1,"href":"https:\/\/www.voecklabruck.org\/WPVB\/wp-json\/wp\/v2\/posts\/3257\/revisions"}],"predecessor-version":[{"id":3258,"href":"https:\/\/www.voecklabruck.org\/WPVB\/wp-json\/wp\/v2\/posts\/3257\/revisions\/3258"}],"wp:featuredmedia":[{"embeddable":true,"href":"https:\/\/www.voecklabruck.org\/WPVB\/wp-json\/wp\/v2\/media\/3191"}],"wp:attachment":[{"href":"https:\/\/www.voecklabruck.org\/WPVB\/wp-json\/wp\/v2\/media?parent=3257"}],"wp:term":[{"taxonomy":"category","embeddable":true,"href":"https:\/\/www.voecklabruck.org\/WPVB\/wp-json\/wp\/v2\/categories?post=3257"},{"taxonomy":"post_tag","embeddable":true,"href":"https:\/\/www.voecklabruck.org\/WPVB\/wp-json\/wp\/v2\/tags?post=3257"}],"curies":[{"name":"wp","href":"https:\/\/api.w.org\/{rel}","templated":true}]}}