{"id":3214,"date":"2020-05-17T19:14:00","date_gmt":"2020-05-17T17:14:00","guid":{"rendered":"https:\/\/www.voecklabruck.org\/WPVB\/?p=3214"},"modified":"2020-05-10T19:18:31","modified_gmt":"2020-05-10T17:18:31","slug":"wie-erlebe-ich-als-pensionistin-die-derzeitige-zeit-der-corona-pandemie","status":"publish","type":"post","link":"https:\/\/www.voecklabruck.org\/WPVB\/2020\/05\/17\/wie-erlebe-ich-als-pensionistin-die-derzeitige-zeit-der-corona-pandemie\/","title":{"rendered":"Wie erlebe ich als Pensionistin die derzeitige Zeit der Corona-Pandemie?"},"content":{"rendered":"\n<div class=\"wp-block-image\"><figure class=\"alignleft size-medium\"><img loading=\"lazy\" decoding=\"async\" width=\"225\" height=\"300\" src=\"https:\/\/www.voecklabruck.org\/WPVB\/wp-content\/uploads\/2020\/05\/Schlair2-225x300.jpg\" alt=\"\" class=\"wp-image-3199\" srcset=\"https:\/\/www.voecklabruck.org\/WPVB\/wp-content\/uploads\/2020\/05\/Schlair2-225x300.jpg 225w, https:\/\/www.voecklabruck.org\/WPVB\/wp-content\/uploads\/2020\/05\/Schlair2-768x1024.jpg 768w, https:\/\/www.voecklabruck.org\/WPVB\/wp-content\/uploads\/2020\/05\/Schlair2-1152x1536.jpg 1152w, https:\/\/www.voecklabruck.org\/WPVB\/wp-content\/uploads\/2020\/05\/Schlair2.jpg 1200w\" sizes=\"auto, (max-width: 225px) 100vw, 225px\" \/><figcaption>Brigitte Schlair<\/figcaption><\/figure><\/div>\n\n\n\n<p class=\"wp-block-paragraph\">Ich geh\u00f6re angeblich zur Risikogruppe, habe dies aber von Anfang an nicht so empfunden. Gesundheitlich f\u00fchle ich mich wohl, ich bin auch medikament\u00f6s gut eingestellt trotz Diabetes und Bluthochdruck. Trotzdem ist und war diese Zeit mit dem Corona-Virus bisher schon eine gewisse Herausforderung.<\/p>\n\n\n\n<p class=\"wp-block-paragraph\">Der Beginn im M\u00e4rz kam f\u00fcr mich sehr abrupt. Es gab keine Frauentreffen im Kaffeehaus mehr, keine Lesespa\u00dfstunden in der Stadtbibliothek, keine Besuche im Fitnessstudio, keine Gottesdienste, kein Singen und Tanzen, kein Sprechcafe mit lieben Frauen, keine Friedensgebete, keine Gymnastik usw.<\/p>\n\n\n\n<p class=\"wp-block-paragraph\">Das hei\u00dft, ich hatte pl\u00f6tzlich viel Zeit. Wie viele andere Leute nutzte ich sie teilweise zum ausgiebigen Putzen vor Ostern und zum Entr\u00fcmpeln. Es gab Zeit zum Lesen, die Berichte im Fernsehen und im Internet anzusehen etc.<\/p>\n\n\n\n<p class=\"wp-block-paragraph\">Positiv fiel mir auf, dass am Anfang sehr viele hilfsbereite Menschen da waren, die anriefen oder fragten: Kann ich helfen, kann ich was mitnehmen, einkaufen oder zum Arzt gehen?<\/p>\n\n\n\n<p class=\"wp-block-paragraph\">Aber ich kaufe noch immer gerne selbst ein, wobei ich gro\u00dfe Einkaufszentren oder Superm\u00e4rkte meide. Ich mag die kleinen Gesch\u00e4fte, das war aber auch schon vor der Corona-Pandemie der Fall. Besonders liebe ich ja den Wochen- und Frischemarkt, da war ich schon traurig, als dieser eingestellt wurde.<\/p>\n\n\n\n<p class=\"wp-block-paragraph\">Das sch\u00f6ne Wetter kam mir entgegen, da ich gerne mit dem Fahrrad fahre, so versuche ich zumindest ein bisserl was f\u00fcr meine Fitness zu tun. Vor allem die t\u00e4glichen Friedhofsbesuche sind mir sehr wichtig geworden. Ich telefoniere viel mehr als fr\u00fcher und schreibe auch \u00f6fter E-Mails, vor allem versuche ich so den Kontakt zu Freund*innen und Verwandten zu halten und mich \u00fcber Gott und die Welt auszutauschen.<\/p>\n\n\n\n<p class=\"wp-block-paragraph\">Eine liebe Freundin hat am Beginn der Einschr\u00e4nkungen t\u00e4glich eine&nbsp;&nbsp;&nbsp; &nbsp;E-Mail geschickt mit Gebeten oder einem Psalm-Wort, was mir sehr viel bedeutet hat. Leider gab in der zweiten Woche ihr Computer den Geist auf, so gab es diese \u201eTrostworte\u201c nicht mehr. Daf\u00fcr gab es zu Ostern sehr bereichernde Gottesdienstfeiern im Internet bzw. im Fernsehen, und auch die t\u00e4glichen Impulse von Pfarrer Lang sprechen mich sehr an.<\/p>\n\n\n\n<p class=\"wp-block-paragraph\">Au\u00dferdem habe ich mir immer die Sonderausgabe von \u201ePfarre aktuell\u201c aus der katholischen Kirche geholt, wo auch sehr ansprechende Texte standen. Diese nahm ich auch f\u00fcr Nachbarinnen und Freunde mit.<\/p>\n\n\n\n<p class=\"wp-block-paragraph\">Manchmal fiel mir schon die Decke auf den Kopf, da war ich einfach nur traurig und auch w\u00fctend oder genervt.<\/p>\n\n\n\n<p class=\"wp-block-paragraph\">Ich habe aber das Gl\u00fcck, in einem Haus mit Garten und Balkon zu wohnen. Jetzt, wo die G\u00e4rtnereien wieder offen haben, kaufe ich gerne Blumen, die ich in die Balkonkisterl pflanze, und ich liebe ja die Igel und die V\u00f6gel im Garten.<\/p>\n\n\n\n<p class=\"wp-block-paragraph\">Au\u00dferdem bin ich nicht allein, da meine Schwester mit ihrem Mann und dem j\u00fcngsten Sohn auch im gleichen Haus wohnt.<\/p>\n\n\n\n<p class=\"wp-block-paragraph\">Nat\u00fcrlich fehlen mir die pers\u00f6nlichen Kontakte zu meinen Freundinnen und vor allem den Urgro\u00dfneffen und der Urgro\u00dfnichte.<\/p>\n\n\n\n<p class=\"wp-block-paragraph\">Manchmal gab es schon nette Gespr\u00e4che am Stadtplatz oder auch am Friedhof, auf jeden Fall mit dem richtigen Sicherheitsabstand und in letzter Zeit auch mit Mund- und Nasenschutz.<\/p>\n\n\n\n<p class=\"wp-block-paragraph\">Angenehm finde ich, dass der Flugverkehr fast vollst\u00e4ndig zum Erliegen gekommen ist und auch der Autoverkehr zumindest bis vor kurzem sehr stark eingeschr\u00e4nkt war. Die Luft ist seither wesentlich besser und klarer geworden.<\/p>\n\n\n\n<p class=\"wp-block-paragraph\">Zu Beginn der Einschr\u00e4nkungen hatte ich das Gef\u00fchl, dass viele Leute nachdenklicher wurden und auch mehr R\u00fccksicht auf andere nahmen, leider bemerke ich, dass in letzter Zeit wieder mehr Aggressivit\u00e4t um sich greift und die Leute wieder r\u00fccksichtsloser werden. Manche Verk\u00e4uferin beklagte sich schon, dass die Leute sehr ungeduldig sind und oft l\u00e4stig werden, weil sie den Mund-Nasenschutz tragen m\u00fcssen.<\/p>\n\n\n\n<p class=\"wp-block-paragraph\"><strong>Brigitte Schlair<\/strong><\/p>\n","protected":false},"excerpt":{"rendered":"<p>Ich geh\u00f6re angeblich zur Risikogruppe, habe dies aber von Anfang an nicht so empfunden. Gesundheitlich f\u00fchle ich mich wohl, ich bin auch medikament\u00f6s gut eingestellt &#8230; <a title=\"Wie erlebe ich als Pensionistin die derzeitige Zeit der Corona-Pandemie?\" class=\"read-more\" href=\"https:\/\/www.voecklabruck.org\/WPVB\/2020\/05\/17\/wie-erlebe-ich-als-pensionistin-die-derzeitige-zeit-der-corona-pandemie\/\" aria-label=\"Mehr Informationen \u00fcber Wie erlebe ich als Pensionistin die derzeitige Zeit der Corona-Pandemie?\">weiterlesen<\/a><\/p>\n","protected":false},"author":1,"featured_media":3199,"comment_status":"open","ping_status":"open","sticky":false,"template":"","format":"standard","meta":{"_crdt_document":"","advgb_blocks_editor_width":"","advgb_blocks_columns_visual_guide":"","footnotes":""},"categories":[120],"tags":[],"class_list":["post-3214","post","type-post","status-publish","format-standard","has-post-thumbnail","hentry","category-corona","masonry-post","generate-columns","tablet-grid-50","mobile-grid-100","grid-parent","grid-33"],"author_meta":{"display_name":"Redakteur","author_link":"https:\/\/www.voecklabruck.org\/WPVB\/author\/wordpressadmin\/"},"featured_img":"https:\/\/www.voecklabruck.org\/WPVB\/wp-content\/uploads\/2020\/05\/Schlair2-225x300.jpg","coauthors":[],"tax_additional":{"categories":{"linked":["<a href=\"https:\/\/www.voecklabruck.org\/WPVB\/category\/corona\/\" class=\"advgb-post-tax-term\">Corona<\/a>"],"unlinked":["<span class=\"advgb-post-tax-term\">Corona<\/span>"]}},"comment_count":"0","relative_dates":{"created":"Posted 6\u00a0Jahren ago","modified":"Updated 6\u00a0Jahren ago"},"absolute_dates":{"created":"Posted on 17. Mai 2020","modified":"Updated on 10. Mai 2020"},"absolute_dates_time":{"created":"Posted on 17. Mai 2020 19:14","modified":"Updated on 10. Mai 2020 19:18"},"featured_img_caption":"Brigitte Schlair","series_order":"","_links":{"self":[{"href":"https:\/\/www.voecklabruck.org\/WPVB\/wp-json\/wp\/v2\/posts\/3214","targetHints":{"allow":["GET"]}}],"collection":[{"href":"https:\/\/www.voecklabruck.org\/WPVB\/wp-json\/wp\/v2\/posts"}],"about":[{"href":"https:\/\/www.voecklabruck.org\/WPVB\/wp-json\/wp\/v2\/types\/post"}],"author":[{"embeddable":true,"href":"https:\/\/www.voecklabruck.org\/WPVB\/wp-json\/wp\/v2\/users\/1"}],"replies":[{"embeddable":true,"href":"https:\/\/www.voecklabruck.org\/WPVB\/wp-json\/wp\/v2\/comments?post=3214"}],"version-history":[{"count":1,"href":"https:\/\/www.voecklabruck.org\/WPVB\/wp-json\/wp\/v2\/posts\/3214\/revisions"}],"predecessor-version":[{"id":3215,"href":"https:\/\/www.voecklabruck.org\/WPVB\/wp-json\/wp\/v2\/posts\/3214\/revisions\/3215"}],"wp:featuredmedia":[{"embeddable":true,"href":"https:\/\/www.voecklabruck.org\/WPVB\/wp-json\/wp\/v2\/media\/3199"}],"wp:attachment":[{"href":"https:\/\/www.voecklabruck.org\/WPVB\/wp-json\/wp\/v2\/media?parent=3214"}],"wp:term":[{"taxonomy":"category","embeddable":true,"href":"https:\/\/www.voecklabruck.org\/WPVB\/wp-json\/wp\/v2\/categories?post=3214"},{"taxonomy":"post_tag","embeddable":true,"href":"https:\/\/www.voecklabruck.org\/WPVB\/wp-json\/wp\/v2\/tags?post=3214"}],"curies":[{"name":"wp","href":"https:\/\/api.w.org\/{rel}","templated":true}]}}